{"id":31023,"date":"2022-02-17T16:59:33","date_gmt":"2022-02-17T19:59:33","guid":{"rendered":"https:\/\/pinews.com.br\/?p=31023"},"modified":"2022-02-17T16:59:33","modified_gmt":"2022-02-17T19:59:33","slug":"foragido-da-justica-que-responde-por-varios-crimes-e-preso-pela-prf-em-picos","status":"publish","type":"post","link":"https:\/\/pinews.com.br\/index.php\/2022\/02\/17\/foragido-da-justica-que-responde-por-varios-crimes-e-preso-pela-prf-em-picos\/","title":{"rendered":"Foragido da Justi\u00e7a que responde por v\u00e1rios crimes \u00e9 preso pela PRF em Picos"},"content":{"rendered":"\n<p>A Pol\u00edcia Rodovi\u00e1ria Federal deu cumprimento, na manh\u00e3 de hoje (17), a mais um mandado de pris\u00e3o e prendeu um foragido da Justi\u00e7a da Para\u00edba.<\/p>\n\n\n\n<p>O homem, natural de Campina Grande\/PB, tinha contra si um Mandado de Pris\u00e3o de Recaptura, expedido 1\u00aa Vara Mista de Mamanguape \u2013 Tribunal de Justi\u00e7a do Estado da Para\u00edba. A a\u00e7\u00e3o aconteceu na BR 316 na cidade de Picos.<\/p>\n\n\n\n<p>Os policiais estavam em fiscaliza\u00e7\u00e3o de rotina, quando abordaram uma FRONTIER conduzida por um homem de 45 anos. Ele possu\u00eda em seu desfavor um Mandado de Pris\u00e3o de Recaptura em aberto expedido em 28\/01\/2022.<\/p>\n\n\n\n<p>Em consultas aos sistemas constatou-se que o homem possui v\u00e1rios processos criminais, todos correm em segredo de justi\u00e7a. Contudo, segundo o pr\u00f3prio acusado, ele informou que j\u00e1 respondia por crimes como duplo homic\u00eddio em acidente de tr\u00e2nsito, tentativa de homic\u00eddio e recepta\u00e7\u00e3o.<\/p>\n\n\n\n<p>Diante dos fatos, o homem foi detido e encaminhado \u00e0 Pol\u00edcia Civil na cidade de Picos para a ado\u00e7\u00e3o das medidas cab\u00edveis e cumprimento do mandado.<\/p>\n\n\n\n<p><strong>Fonte: PRF<\/strong><\/p>\n","protected":false},"excerpt":{"rendered":"<p>A Pol\u00edcia Rodovi\u00e1ria Federal deu cumprimento, na manh\u00e3 de hoje (17), a mais um mandado de pris\u00e3o e prendeu um foragido da Justi\u00e7a da Para\u00edba. O homem, natural de Campina Grande\/PB, tinha contra si um Mandado de Pris\u00e3o de Recaptura, expedido 1\u00aa Vara Mista de Mamanguape \u2013 Tribunal de Justi\u00e7a do Estado da Para\u00edba. A [&hellip;]<\/p>\n","protected":false},"author":1,"featured_media":31024,"comment_status":"open","ping_status":"open","sticky":false,"template":"","format":"standard","meta":{"beyondwords_generate_audio":"","beyondwords_project_id":"","beyondwords_podcast_id":"","beyondwords_hash":"","beyondwords_error_message":"","beyondwords_disabled":"","publish_post_to_speechkit":"","speechkit_generate_audio":"","speechkit_project_id":"","speechkit_podcast_id":"","speechkit_hash":"","speechkit_error_message":"","speechkit_disabled":"","speechkit_access_key":"","speechkit_error":"","speechkit_info":"","speechkit_response":"","speechkit_retries":"","_speechkit_link":"","_speechkit_text":""},"categories":[51,126,78],"tags":[6740,122,72,46,1041,1097,103,125,59,79,104,8391,166],"jetpack_featured_media_url":"","_links":{"self":[{"href":"https:\/\/pinews.com.br\/index.php\/wp-json\/wp\/v2\/posts\/31023"}],"collection":[{"href":"https:\/\/pinews.com.br\/index.php\/wp-json\/wp\/v2\/posts"}],"about":[{"href":"https:\/\/pinews.com.br\/index.php\/wp-json\/wp\/v2\/types\/post"}],"author":[{"embeddable":true,"href":"https:\/\/pinews.com.br\/index.php\/wp-json\/wp\/v2\/users\/1"}],"replies":[{"embeddable":true,"href":"https:\/\/pinews.com.br\/index.php\/wp-json\/wp\/v2\/comments?post=31023"}],"version-history":[{"count":0,"href":"https:\/\/pinews.com.br\/index.php\/wp-json\/wp\/v2\/posts\/31023\/revisions"}],"wp:featuredmedia":[{"embeddable":true,"href":"https:\/\/pinews.com.br\/index.php\/wp-json\/"}],"wp:attachment":[{"href":"https:\/\/pinews.com.br\/index.php\/wp-json\/wp\/v2\/media?parent=31023"}],"wp:term":[{"taxonomy":"category","embeddable":true,"href":"https:\/\/pinews.com.br\/index.php\/wp-json\/wp\/v2\/categories?post=31023"},{"taxonomy":"post_tag","embeddable":true,"href":"https:\/\/pinews.com.br\/index.php\/wp-json\/wp\/v2\/tags?post=31023"}],"curies":[{"name":"wp","href":"https:\/\/api.w.org\/{rel}","templated":true}]}}