{"id":31068,"date":"2022-02-18T17:11:28","date_gmt":"2022-02-18T20:11:28","guid":{"rendered":"https:\/\/pinews.com.br\/?p=31068"},"modified":"2022-02-18T17:11:28","modified_gmt":"2022-02-18T20:11:28","slug":"trecho-da-pi-143-rompe-apos-chuvas-entre-jacobina-e-conceicao-do-caninde","status":"publish","type":"post","link":"https:\/\/pinews.com.br\/index.php\/2022\/02\/18\/trecho-da-pi-143-rompe-apos-chuvas-entre-jacobina-e-conceicao-do-caninde\/","title":{"rendered":"Trecho da PI-143 rompe ap\u00f3s chuvas entre Jacobina e Concei\u00e7\u00e3o do Canind\u00e9"},"content":{"rendered":"\n<p>Um trecho da PI-143, que liga os munic\u00edpios de Jacobina e Concei\u00e7\u00e3o do Canind\u00e9, no sul do Piau\u00ed, rompeu ap\u00f3s as fortes chuvas que ca\u00edram na regi\u00e3o nos \u00faltimos dias. O asfalto n\u00e3o resistiu \u00e0 for\u00e7a da correnteza e uma cratera acabou se abrindo no local.&nbsp;<\/p>\n\n\n\n<p>Um v\u00eddeo feito por um morador da regi\u00e3o mostra a dimens\u00e3o dos estragos na rodovia, que acabaram impossibilitando o tr\u00e2nsito entre os dois munic\u00edpios, que ficam distante cerca de 450 km de Teresina.&nbsp;<\/p>\n\n\n\n<p>Por meio de nota, o Departamento de Estradas e Rodagens (DER) informou na manh\u00e3 desta sexta-feira (18) que j\u00e1 acionou a empresa respons\u00e1vel pela reconstru\u00e7\u00e3o da rodovia.&nbsp;<\/p>\n\n\n\n<p>Segundo a nota, a empresa j\u00e1 mobilizou equipes e m\u00e1quinas para o local. A previs\u00e3o \u00e9 que o servi\u00e7o de reconstru\u00e7\u00e3o do trecho seja iniciado ainda na tarde de hoje.&nbsp;<\/p>\n\n\n\n<p><strong>Confira a nota:&nbsp;<\/strong><\/p>\n\n\n\n<blockquote class=\"wp-block-quote\"><p>O Departamento de Estradas de Rodagem do Piau\u00ed (DER-PI) informa que j\u00e1 acionou a empresa respons\u00e1vel pela reconstru\u00e7\u00e3o da PI-143, entre os munic\u00edpios de Jacobina e Concei\u00e7\u00e3o do Canind\u00e9, que rompeu por conta das fortes chuvas que castigam a regi\u00e3o. O \u00f3rg\u00e3o ressalta que a empresa contratada mobilizou equipes e m\u00e1quinas ainda nesta manh\u00e3. A previs\u00e3o \u00e9 iniciar, na tarde desta sexta-feira, os servi\u00e7os de reconstru\u00e7\u00e3o do aterro e desobstru\u00e7\u00e3o do bueiro.&nbsp;<\/p><\/blockquote>\n\n\n\n<figure class=\"wp-block-embed-youtube wp-block-embed is-type-video is-provider-youtube wp-embed-aspect-16-9 wp-has-aspect-ratio\"><div class=\"wp-block-embed__wrapper\">\n<iframe loading=\"lazy\" title=\"Trecho da PI-143 rompe ap\u00f3s fortes chuvas no Sul do Piau\u00ed\" width=\"1170\" height=\"658\" src=\"https:\/\/www.youtube.com\/embed\/hvRa4C7-s1Q?feature=oembed\" frameborder=\"0\" allow=\"accelerometer; autoplay; clipboard-write; encrypted-media; gyroscope; picture-in-picture; web-share\" allowfullscreen><\/iframe>\n<\/div><\/figure>\n\n\n\n<p><strong>Fonte: Natanael Souza\/ Cidade Verde<\/strong><\/p>\n","protected":false},"excerpt":{"rendered":"<p>Um trecho da PI-143, que liga os munic\u00edpios de Jacobina e Concei\u00e7\u00e3o do Canind\u00e9, no sul do Piau\u00ed, rompeu ap\u00f3s as fortes chuvas que ca\u00edram na regi\u00e3o nos \u00faltimos dias. O asfalto n\u00e3o resistiu \u00e0 for\u00e7a da correnteza e uma cratera acabou se abrindo no local.&nbsp; Um v\u00eddeo feito por um morador da regi\u00e3o mostra [&hellip;]<\/p>\n","protected":false},"author":1,"featured_media":31069,"comment_status":"open","ping_status":"open","sticky":false,"template":"","format":"standard","meta":{"beyondwords_generate_audio":"","beyondwords_project_id":"","beyondwords_podcast_id":"","beyondwords_hash":"","beyondwords_error_message":"","beyondwords_disabled":"","publish_post_to_speechkit":"","speechkit_generate_audio":"","speechkit_project_id":"","speechkit_podcast_id":"","speechkit_hash":"","speechkit_error_message":"","speechkit_disabled":"","speechkit_access_key":"","speechkit_error":"","speechkit_info":"","speechkit_response":"","speechkit_retries":"","_speechkit_link":"","_speechkit_text":""},"categories":[51],"tags":[70,9891,2045,9892,122,178,1589,9893,5345,5430],"jetpack_featured_media_url":"","_links":{"self":[{"href":"https:\/\/pinews.com.br\/index.php\/wp-json\/wp\/v2\/posts\/31068"}],"collection":[{"href":"https:\/\/pinews.com.br\/index.php\/wp-json\/wp\/v2\/posts"}],"about":[{"href":"https:\/\/pinews.com.br\/index.php\/wp-json\/wp\/v2\/types\/post"}],"author":[{"embeddable":true,"href":"https:\/\/pinews.com.br\/index.php\/wp-json\/wp\/v2\/users\/1"}],"replies":[{"embeddable":true,"href":"https:\/\/pinews.com.br\/index.php\/wp-json\/wp\/v2\/comments?post=31068"}],"version-history":[{"count":0,"href":"https:\/\/pinews.com.br\/index.php\/wp-json\/wp\/v2\/posts\/31068\/revisions"}],"wp:featuredmedia":[{"embeddable":true,"href":"https:\/\/pinews.com.br\/index.php\/wp-json\/"}],"wp:attachment":[{"href":"https:\/\/pinews.com.br\/index.php\/wp-json\/wp\/v2\/media?parent=31068"}],"wp:term":[{"taxonomy":"category","embeddable":true,"href":"https:\/\/pinews.com.br\/index.php\/wp-json\/wp\/v2\/categories?post=31068"},{"taxonomy":"post_tag","embeddable":true,"href":"https:\/\/pinews.com.br\/index.php\/wp-json\/wp\/v2\/tags?post=31068"}],"curies":[{"name":"wp","href":"https:\/\/api.w.org\/{rel}","templated":true}]}}