{"id":31135,"date":"2022-02-21T20:25:39","date_gmt":"2022-02-21T23:25:39","guid":{"rendered":"https:\/\/pinews.com.br\/?p=31135"},"modified":"2022-02-21T20:25:39","modified_gmt":"2022-02-21T23:25:39","slug":"prf-flagra-motorista-dirigindo-com-cnh-suspensa-em-picos","status":"publish","type":"post","link":"https:\/\/pinews.com.br\/index.php\/2022\/02\/21\/prf-flagra-motorista-dirigindo-com-cnh-suspensa-em-picos\/","title":{"rendered":"PRF flagra motorista dirigindo com CNH suspensa em Picos"},"content":{"rendered":"\n<p>Toda a a\u00e7\u00e3o aconteceu na tarde do \u00faltimo s\u00e1bado (19) no km 311.0 da BR 316, no munic\u00edpio de Picos.<\/p>\n\n\n\n<p>A a\u00e7\u00e3o foi desencadeada quando os policiais deram ordem de parada ao ve\u00edculo que era conduzido por um homem de 39 anos.<\/p>\n\n\n\n<p>No momento da abordagem os policiais verificaram em consulta aos sistemas, que o condutor estava com o direito de dirigir suspenso.<\/p>\n\n\n\n<p>Diante das informa\u00e7\u00f5es obtidas foi constatada, a princ\u00edpio, ocorr\u00eancia de violar a suspens\u00e3o ou a proibi\u00e7\u00e3o de se obter a permiss\u00e3o ou a habilita\u00e7\u00e3o para dirigir ve\u00edculo automotor. Dessa forma, foi lavrado o termo circunstanciado e o condutor comprometeu-se a comparecer&nbsp;em audi\u00eancia judicial.<\/p>\n\n\n\n<p><strong>Fonte: PRF<\/strong><\/p>\n","protected":false},"excerpt":{"rendered":"<p>Toda a a\u00e7\u00e3o aconteceu na tarde do \u00faltimo s\u00e1bado (19) no km 311.0 da BR 316, no munic\u00edpio de Picos. A a\u00e7\u00e3o foi desencadeada quando os policiais deram ordem de parada ao ve\u00edculo que era conduzido por um homem de 39 anos. No momento da abordagem os policiais verificaram em consulta aos sistemas, que o [&hellip;]<\/p>\n","protected":false},"author":1,"featured_media":31136,"comment_status":"open","ping_status":"open","sticky":false,"template":"","format":"standard","meta":{"beyondwords_generate_audio":"","beyondwords_project_id":"","beyondwords_podcast_id":"","beyondwords_hash":"","beyondwords_error_message":"","beyondwords_disabled":"","publish_post_to_speechkit":"","speechkit_generate_audio":"","speechkit_project_id":"","speechkit_podcast_id":"","speechkit_hash":"","speechkit_error_message":"","speechkit_disabled":"","speechkit_access_key":"","speechkit_error":"","speechkit_info":"","speechkit_response":"","speechkit_retries":"","_speechkit_link":"","_speechkit_text":""},"categories":[51,126,78],"tags":[1029,9903,46,5386,58,125,104,5766],"jetpack_featured_media_url":"","_links":{"self":[{"href":"https:\/\/pinews.com.br\/index.php\/wp-json\/wp\/v2\/posts\/31135"}],"collection":[{"href":"https:\/\/pinews.com.br\/index.php\/wp-json\/wp\/v2\/posts"}],"about":[{"href":"https:\/\/pinews.com.br\/index.php\/wp-json\/wp\/v2\/types\/post"}],"author":[{"embeddable":true,"href":"https:\/\/pinews.com.br\/index.php\/wp-json\/wp\/v2\/users\/1"}],"replies":[{"embeddable":true,"href":"https:\/\/pinews.com.br\/index.php\/wp-json\/wp\/v2\/comments?post=31135"}],"version-history":[{"count":0,"href":"https:\/\/pinews.com.br\/index.php\/wp-json\/wp\/v2\/posts\/31135\/revisions"}],"wp:featuredmedia":[{"embeddable":true,"href":"https:\/\/pinews.com.br\/index.php\/wp-json\/"}],"wp:attachment":[{"href":"https:\/\/pinews.com.br\/index.php\/wp-json\/wp\/v2\/media?parent=31135"}],"wp:term":[{"taxonomy":"category","embeddable":true,"href":"https:\/\/pinews.com.br\/index.php\/wp-json\/wp\/v2\/categories?post=31135"},{"taxonomy":"post_tag","embeddable":true,"href":"https:\/\/pinews.com.br\/index.php\/wp-json\/wp\/v2\/tags?post=31135"}],"curies":[{"name":"wp","href":"https:\/\/api.w.org\/{rel}","templated":true}]}}