{"id":31151,"date":"2022-02-22T11:17:54","date_gmt":"2022-02-22T14:17:54","guid":{"rendered":"https:\/\/pinews.com.br\/?p=31151"},"modified":"2022-02-22T11:17:54","modified_gmt":"2022-02-22T14:17:54","slug":"policia-prende-pai-e-filho-suspeitos-de-ameacar-vitima-com-revolver-e-faca-em-bom-jesus","status":"publish","type":"post","link":"https:\/\/pinews.com.br\/index.php\/2022\/02\/22\/policia-prende-pai-e-filho-suspeitos-de-ameacar-vitima-com-revolver-e-faca-em-bom-jesus\/","title":{"rendered":"Pol\u00edcia prende pai e filho suspeitos de amea\u00e7ar v\u00edtima com rev\u00f3lver e faca em Bom Jesus"},"content":{"rendered":"\n<p>Equipes do 19\u00ba Batalh\u00e3o da Pol\u00edcia Militar prenderam nessa segunda-feira (21), pai e filho suspeitos de amea\u00e7ar um homem com rev\u00f3lver e faca, no munic\u00edpio de Bom Jesus, distante 632 quil\u00f4metros de Teresina.<\/p>\n\n\n\n<p>De acordo com o 19\u00ba BPM, os policiais foram acionados ap\u00f3s receberem a informa\u00e7\u00e3o que haviam duas pessoas possivelmente armadas amea\u00e7ando uma pessoa no bairro Serra Nova.<\/p>\n\n\n\n<p>Ao chegar ao local, foi constatado que S.R. (pai) estava com um rev\u00f3lver e I.D.R (filho), com uma faca, amea\u00e7ando a v\u00edtima. &nbsp;<\/p>\n\n\n\n<p>\u201cNo momento da abordagem foi necess\u00e1rio o uso da for\u00e7a pela n\u00e3o obedi\u00eancia \u00e0s ordens da autoridade policial, sendo necess\u00e1rio uso da conten\u00e7\u00e3o policial e utiliza\u00e7\u00e3o de algemas para a seguran\u00e7a da guarni\u00e7\u00e3o e dos envolvidos\u201d, informou a pol\u00edcia.<\/p>\n\n\n\n<p>Ap\u00f3s serem presos, os suspeitos foram encaminhados a delegacia de Pol\u00edcia Civil do munic\u00edpio de Bom Jesus para os procedimentos cab\u00edveis. O rev\u00f3lver calibre .38, com cinco muni\u00e7\u00f5es intactas e a faca tamb\u00e9m foram apreendidas pela pol\u00edcia.<\/p>\n\n\n\n<p><strong>Fonte: Rebeca Lima\/ Cidade Verde<\/strong><\/p>\n","protected":false},"excerpt":{"rendered":"<p>Equipes do 19\u00ba Batalh\u00e3o da Pol\u00edcia Militar prenderam nessa segunda-feira (21), pai e filho suspeitos de amea\u00e7ar um homem com rev\u00f3lver e faca, no munic\u00edpio de Bom Jesus, distante 632 quil\u00f4metros de Teresina. De acordo com o 19\u00ba BPM, os policiais foram acionados ap\u00f3s receberem a informa\u00e7\u00e3o que haviam duas pessoas possivelmente armadas amea\u00e7ando uma [&hellip;]<\/p>\n","protected":false},"author":1,"featured_media":31152,"comment_status":"open","ping_status":"open","sticky":false,"template":"","format":"standard","meta":{"beyondwords_generate_audio":"","beyondwords_project_id":"","beyondwords_podcast_id":"","beyondwords_hash":"","beyondwords_error_message":"","beyondwords_disabled":"","publish_post_to_speechkit":"","speechkit_generate_audio":"","speechkit_project_id":"","speechkit_podcast_id":"","speechkit_hash":"","speechkit_error_message":"","speechkit_disabled":"","speechkit_access_key":"","speechkit_error":"","speechkit_info":"","speechkit_response":"","speechkit_retries":"","_speechkit_link":"","_speechkit_text":""},"categories":[51,78],"tags":[732,230,44,46,247,289,232,290,466,112,990,497,285],"jetpack_featured_media_url":"","_links":{"self":[{"href":"https:\/\/pinews.com.br\/index.php\/wp-json\/wp\/v2\/posts\/31151"}],"collection":[{"href":"https:\/\/pinews.com.br\/index.php\/wp-json\/wp\/v2\/posts"}],"about":[{"href":"https:\/\/pinews.com.br\/index.php\/wp-json\/wp\/v2\/types\/post"}],"author":[{"embeddable":true,"href":"https:\/\/pinews.com.br\/index.php\/wp-json\/wp\/v2\/users\/1"}],"replies":[{"embeddable":true,"href":"https:\/\/pinews.com.br\/index.php\/wp-json\/wp\/v2\/comments?post=31151"}],"version-history":[{"count":0,"href":"https:\/\/pinews.com.br\/index.php\/wp-json\/wp\/v2\/posts\/31151\/revisions"}],"wp:featuredmedia":[{"embeddable":true,"href":"https:\/\/pinews.com.br\/index.php\/wp-json\/"}],"wp:attachment":[{"href":"https:\/\/pinews.com.br\/index.php\/wp-json\/wp\/v2\/media?parent=31151"}],"wp:term":[{"taxonomy":"category","embeddable":true,"href":"https:\/\/pinews.com.br\/index.php\/wp-json\/wp\/v2\/categories?post=31151"},{"taxonomy":"post_tag","embeddable":true,"href":"https:\/\/pinews.com.br\/index.php\/wp-json\/wp\/v2\/tags?post=31151"}],"curies":[{"name":"wp","href":"https:\/\/api.w.org\/{rel}","templated":true}]}}