{"id":3116,"date":"2019-12-16T16:53:55","date_gmt":"2019-12-16T19:53:55","guid":{"rendered":"https:\/\/pinews.com.br\/?p=3116"},"modified":"2019-12-16T16:53:55","modified_gmt":"2019-12-16T19:53:55","slug":"piauiense-morre-apos-torre-de-alta-tensao-desabar-na-bahia","status":"publish","type":"post","link":"https:\/\/pinews.com.br\/index.php\/2019\/12\/16\/piauiense-morre-apos-torre-de-alta-tensao-desabar-na-bahia\/","title":{"rendered":"Piauiense morre ap\u00f3s torre de alta tens\u00e3o desabar na Bahia"},"content":{"rendered":"\n<p>Foto: Reprodu\u00e7\u00e3o <\/p>\n\n\n\n<p><a href=\"https:\/\/www.meionorte.com\/amp\"><\/a>Um piauiense identificado como Renilson Alves Silva, de 43 anos, e outros dois oper\u00e1rios morreram no domingo (15\/12), ap\u00f3s uma torre de alta tens\u00e3o desabar no munic\u00edpio de Sim\u00f5es Filho, na Bahia.&nbsp;<\/p>\n\n\n\n<p style=\"text-align:justify\">Segundo informa\u00e7\u00f5es, al\u00e9m dos tr\u00eas mortos outros tr\u00eas oper\u00e1rios ficaram feridos. No momento do acidente, as v\u00edtimas ouviram um estalo e segundos depois desabaram junto com a torre que tinha 30 metros de altura e pesava 12 toneladas.&nbsp;<\/p>\n\n\n\n<p style=\"text-align:justify\">As v\u00edtimas estavam realizando reparos na torre, provocados por um forte temporal com ventos que tinha ocorrido momentos antes. O grupo trabalhavam para a empresa Assembly e prestavam servi\u00e7os para \u00e0 Companhia Hidrel\u00e9trica do S\u00e3o Francisco &#8211; Chesf. <\/p>\n\n\n\n<p><strong>Entre as v\u00edtimas fatais est\u00e3o:<\/strong><\/p>\n\n\n\n<p style=\"text-align:justify\">Jonas dos Santos Silva, 35 anos, natural do Paran\u00e1;<\/p>\n\n\n\n<p style=\"text-align:justify\">Reginaldo Coqueiro da Luz, 41 anos, natural do Maranh\u00e3o;<\/p>\n\n\n\n<p style=\"text-align:justify\">Renilson Alves Silva, 43 anos, natural do Piau\u00ed, morreu no hospital;<\/p>\n\n\n\n<p><strong>Sobreviventes&nbsp;<\/strong><\/p>\n\n\n\n<p style=\"text-align:justify\">Jos\u00e9 Bonfim Gon\u00e7alves Ferreira, 39 anos;<\/p>\n\n\n\n<p style=\"text-align:justify\">Carlos Andr\u00e9 Concei\u00e7\u00e3o Amaral, 42 anos;<\/p>\n\n\n\n<p style=\"text-align:justify\">Lucas (sobrenome dele n\u00e3o foi divulgado).<\/p>\n\n\n\n<p style=\"text-align:justify\">O piauiense foi socorrido e encaminhado para o Hospital Municipal de Sim\u00f5es &nbsp;Filho, mas n\u00e3o resistiu aos ferimentos e morreu &nbsp;na unidade de sa\u00fade.&nbsp;<\/p>\n\n\n\n<p style=\"text-align:justify\">Os corpos das v\u00edtimas foram levados para o Instituto M\u00e9dico Legal (IML), onde permanecem na manh\u00e3 desta segunda-feira (16\/12).<\/p>\n\n\n\n<p style=\"text-align:justify\">Por meio de nota, a Chesf informou que aconteceu durante realiza\u00e7\u00e3o de servi\u00e7o de recapacita\u00e7\u00e3o da linha de transmiss\u00e3o Cama\u00e7ari-Cotegipe. A Companhia lamentou o ocorrido.<\/p>\n\n\n\n<p style=\"text-align:justify\">A Chesf disse ainda que, ao tomar conhecimento da queda da torre, adotou todas as provid\u00eancias. Ainda em nota, a empresa disse que atua de modo a refor\u00e7ar o valor da seguran\u00e7a em todas as atividades.<\/p>\n\n\n\n<p style=\"text-align:justify\">O Minist\u00e9rio P\u00fablico do Trabalho (MPT) informou nessa segunda-feira (16\/12) que abriu um inqu\u00e9rito para apurar as responsabilidades do acidente.<\/p>\n\n\n\n<p><strong>Fonte: Meio Norte<\/strong> <\/p>\n","protected":false},"excerpt":{"rendered":"<p>Foto: Reprodu\u00e7\u00e3o Um piauiense identificado como Renilson Alves Silva, de 43 anos, e outros dois oper\u00e1rios morreram no domingo (15\/12), ap\u00f3s uma torre de alta tens\u00e3o desabar no munic\u00edpio de Sim\u00f5es Filho, na Bahia.&nbsp; Segundo informa\u00e7\u00f5es, al\u00e9m dos tr\u00eas mortos outros tr\u00eas oper\u00e1rios ficaram feridos. No momento do acidente, as v\u00edtimas ouviram um estalo e [&hellip;]<\/p>\n","protected":false},"author":1,"featured_media":3117,"comment_status":"open","ping_status":"open","sticky":false,"template":"","format":"standard","meta":{"beyondwords_generate_audio":"","beyondwords_project_id":"","beyondwords_podcast_id":"","beyondwords_hash":"","beyondwords_error_message":"","beyondwords_disabled":"","publish_post_to_speechkit":"","speechkit_generate_audio":"","speechkit_project_id":"","speechkit_podcast_id":"","speechkit_hash":"","speechkit_error_message":"","speechkit_disabled":"","speechkit_access_key":"","speechkit_error":"","speechkit_info":"","speechkit_response":"","speechkit_retries":"","_speechkit_link":"","_speechkit_text":""},"categories":[1184,51],"tags":[761,1654,119,511,292],"jetpack_featured_media_url":"","_links":{"self":[{"href":"https:\/\/pinews.com.br\/index.php\/wp-json\/wp\/v2\/posts\/3116"}],"collection":[{"href":"https:\/\/pinews.com.br\/index.php\/wp-json\/wp\/v2\/posts"}],"about":[{"href":"https:\/\/pinews.com.br\/index.php\/wp-json\/wp\/v2\/types\/post"}],"author":[{"embeddable":true,"href":"https:\/\/pinews.com.br\/index.php\/wp-json\/wp\/v2\/users\/1"}],"replies":[{"embeddable":true,"href":"https:\/\/pinews.com.br\/index.php\/wp-json\/wp\/v2\/comments?post=3116"}],"version-history":[{"count":0,"href":"https:\/\/pinews.com.br\/index.php\/wp-json\/wp\/v2\/posts\/3116\/revisions"}],"wp:featuredmedia":[{"embeddable":true,"href":"https:\/\/pinews.com.br\/index.php\/wp-json\/"}],"wp:attachment":[{"href":"https:\/\/pinews.com.br\/index.php\/wp-json\/wp\/v2\/media?parent=3116"}],"wp:term":[{"taxonomy":"category","embeddable":true,"href":"https:\/\/pinews.com.br\/index.php\/wp-json\/wp\/v2\/categories?post=3116"},{"taxonomy":"post_tag","embeddable":true,"href":"https:\/\/pinews.com.br\/index.php\/wp-json\/wp\/v2\/tags?post=3116"}],"curies":[{"name":"wp","href":"https:\/\/api.w.org\/{rel}","templated":true}]}}