{"id":31487,"date":"2022-03-04T11:55:51","date_gmt":"2022-03-04T14:55:51","guid":{"rendered":"https:\/\/pinews.com.br\/?p=31487"},"modified":"2022-03-04T11:55:51","modified_gmt":"2022-03-04T14:55:51","slug":"motorista-e-passageiro-morrem-apos-carro-sair-da-pista-e-descer-ribanceira-no-sul-do-piaui","status":"publish","type":"post","link":"https:\/\/pinews.com.br\/index.php\/2022\/03\/04\/motorista-e-passageiro-morrem-apos-carro-sair-da-pista-e-descer-ribanceira-no-sul-do-piaui\/","title":{"rendered":"Motorista e passageiro morrem ap\u00f3s carro sair da pista e descer ribanceira no Sul do Piau\u00ed"},"content":{"rendered":"\n<p>Dois homens, identificados como El\u00e1dio Alves Pereira e Ald\u00edsio Nunes de Moura, morreram ap\u00f3s o carro em que estavam descer uma ribanceira nas margens da PI-254 em Gilbu\u00e9s, munic\u00edpio a 765 km de <a href=\"https:\/\/g1.globo.com\/pi\/piaui\/cidade\/teresina\/\">Teresina<\/a>. O acidente ocorreu nesta quinta-feira (3).<\/p>\n\n\n\n<p>O ve\u00edculo era conduzido por El\u00e1dio. De acordo com o 7\u00ba Batalh\u00e3o da Pol\u00edcia Militar do Piau\u00ed, o motorista perdeu o controle da dire\u00e7\u00e3o, o que fez com que o carro sa\u00edsse da pista e descesse a ribanceira que possui uma altura de, aproximadamente, cinco metros.<\/p>\n\n\n\n<p>Ald\u00edsio \u2013 que estava no banco de passageiro \u2013 foi arremessado para fora do ve\u00edculo. O corpo do homem foi encontrado a 30 metros de dist\u00e2ncia do carro.<\/p>\n\n\n\n<figure class=\"wp-block-image\"><img decoding=\"async\" src=\"https:\/\/s2.glbimg.com\/I55jtQbniIhZzJwAofAdkNBgfOI=\/0x354:960x981\/984x0\/smart\/filters:strip_icc()\/i.s3.glbimg.com\/v1\/AUTH_59edd422c0c84a879bd37670ae4f538a\/internal_photos\/bs\/2022\/h\/1\/bAAMDGTI2cueB8TRTpXg\/whatsapp-image-2022-03-03-at-19.27.38-1-.jpeg\" alt=\"Animal transportado pelo ve\u00edculo envolvido no acidente \u2014 Foto: Divulga\u00e7\u00e3o \/PM-PI\"\/><figcaption>Animal transportado pelo ve\u00edculo envolvido no acidente \u2014 Foto: Divulga\u00e7\u00e3o \/PM-PI<\/figcaption><\/figure>\n\n\n\n<p>Um animal estava sendo transportado pelo ve\u00edculo envolvido no acidente. Ele foi localizado vivo nas margens da estrada.<\/p>\n\n\n\n<p><strong>Fonte: G1 PI<\/strong><\/p>\n","protected":false},"excerpt":{"rendered":"<p>Dois homens, identificados como El\u00e1dio Alves Pereira e Ald\u00edsio Nunes de Moura, morreram ap\u00f3s o carro em que estavam descer uma ribanceira nas margens da PI-254 em Gilbu\u00e9s, munic\u00edpio a 765 km de Teresina. O acidente ocorreu nesta quinta-feira (3). O ve\u00edculo era conduzido por El\u00e1dio. De acordo com o 7\u00ba Batalh\u00e3o da Pol\u00edcia Militar [&hellip;]<\/p>\n","protected":false},"author":1,"featured_media":31488,"comment_status":"open","ping_status":"open","sticky":false,"template":"","format":"standard","meta":{"beyondwords_generate_audio":"","beyondwords_project_id":"","beyondwords_podcast_id":"","beyondwords_hash":"","beyondwords_error_message":"","beyondwords_disabled":"","publish_post_to_speechkit":"","speechkit_generate_audio":"","speechkit_project_id":"","speechkit_podcast_id":"","speechkit_hash":"","speechkit_error_message":"","speechkit_disabled":"","speechkit_access_key":"","speechkit_error":"","speechkit_info":"","speechkit_response":"","speechkit_retries":"","_speechkit_link":"","_speechkit_text":""},"categories":[51],"tags":[70,62,122,5630,261,58,669,52,228,452,5548,120],"jetpack_featured_media_url":"","_links":{"self":[{"href":"https:\/\/pinews.com.br\/index.php\/wp-json\/wp\/v2\/posts\/31487"}],"collection":[{"href":"https:\/\/pinews.com.br\/index.php\/wp-json\/wp\/v2\/posts"}],"about":[{"href":"https:\/\/pinews.com.br\/index.php\/wp-json\/wp\/v2\/types\/post"}],"author":[{"embeddable":true,"href":"https:\/\/pinews.com.br\/index.php\/wp-json\/wp\/v2\/users\/1"}],"replies":[{"embeddable":true,"href":"https:\/\/pinews.com.br\/index.php\/wp-json\/wp\/v2\/comments?post=31487"}],"version-history":[{"count":0,"href":"https:\/\/pinews.com.br\/index.php\/wp-json\/wp\/v2\/posts\/31487\/revisions"}],"wp:featuredmedia":[{"embeddable":true,"href":"https:\/\/pinews.com.br\/index.php\/wp-json\/"}],"wp:attachment":[{"href":"https:\/\/pinews.com.br\/index.php\/wp-json\/wp\/v2\/media?parent=31487"}],"wp:term":[{"taxonomy":"category","embeddable":true,"href":"https:\/\/pinews.com.br\/index.php\/wp-json\/wp\/v2\/categories?post=31487"},{"taxonomy":"post_tag","embeddable":true,"href":"https:\/\/pinews.com.br\/index.php\/wp-json\/wp\/v2\/tags?post=31487"}],"curies":[{"name":"wp","href":"https:\/\/api.w.org\/{rel}","templated":true}]}}