{"id":31546,"date":"2022-03-06T20:43:38","date_gmt":"2022-03-06T23:43:38","guid":{"rendered":"https:\/\/pinews.com.br\/?p=31546"},"modified":"2022-03-06T20:43:38","modified_gmt":"2022-03-06T23:43:38","slug":"seis-detentos-fogem-de-penitenciaria-no-piaui","status":"publish","type":"post","link":"https:\/\/pinews.com.br\/index.php\/2022\/03\/06\/seis-detentos-fogem-de-penitenciaria-no-piaui\/","title":{"rendered":"Seis detentos fogem de Penitenci\u00e1ria no Piau\u00ed"},"content":{"rendered":"\n<p>Seis detentos fugiram da Penitenci\u00e1ria Mista Juiz Fontes Ibiapina, localizada no munic\u00edpio de Parna\u00edba, na noite do \u00faltimo s\u00e1bado (5). A informa\u00e7\u00e3o foi confirmada pela Secretaria de Justi\u00e7a do Piau\u00ed (SEJUS).<\/p>\n\n\n\n<p>Segundo a pasta, os fugitivos s\u00e3o: Jos\u00e9 de Jesus do Nascimento Leite, Francisco Wederson Fran\u00e7a Lopes, Josean Ara\u00fajo da Silva, Bruno Nakayama Carvalho Rodrigues, Mailson Gon\u00e7alves da Silva e Raimundo Alves Carvalho Filho.&nbsp;<\/p>\n\n\n\n<p>At\u00e9 o come\u00e7o da tarde deste domingo (6) nenhum dos seis haviam sido recapturados, mas a Sejus pontuou em nota que as for\u00e7as estaduais de seguran\u00e7as est\u00e3o em dilig\u00eancia para realizar a captura dos mesmos.&nbsp;<\/p>\n\n\n\n<p>Veja a nota na \u00edntegra:<\/p>\n\n\n\n<blockquote class=\"wp-block-quote\"><p>A Ger\u00eancia da Penitenci\u00e1ria Mista Juiz Fontes Ibiapina, em Parna\u00edba, informa que, por volta das 22h, deste s\u00e1bado (5), seis detentos conseguiram fugir da unidade penal. Os foragidos s\u00e3o: Jos\u00e9 de Jesus do Nascimento Leite, Francisco Wederson Fran\u00e7a Lopes, Josean Ara\u00fajo da Silva, Bruno Nakayama Carvalho Rodrigues, Mailson Gon\u00e7alves da Silva e Raimundo Alves Carvalho Filho. As for\u00e7as de seguran\u00e7a do Estado j\u00e1 est\u00e3o em dilig\u00eancias para a recaptura dos presos.<\/p><\/blockquote>\n\n\n\n<p><strong>Fonte: Cidade Verde<\/strong><\/p>\n","protected":false},"excerpt":{"rendered":"<p>Seis detentos fugiram da Penitenci\u00e1ria Mista Juiz Fontes Ibiapina, localizada no munic\u00edpio de Parna\u00edba, na noite do \u00faltimo s\u00e1bado (5). A informa\u00e7\u00e3o foi confirmada pela Secretaria de Justi\u00e7a do Piau\u00ed (SEJUS). Segundo a pasta, os fugitivos s\u00e3o: Jos\u00e9 de Jesus do Nascimento Leite, Francisco Wederson Fran\u00e7a Lopes, Josean Ara\u00fajo da Silva, Bruno Nakayama Carvalho Rodrigues, [&hellip;]<\/p>\n","protected":false},"author":1,"featured_media":31547,"comment_status":"open","ping_status":"open","sticky":false,"template":"","format":"standard","meta":{"beyondwords_generate_audio":"","beyondwords_project_id":"","beyondwords_podcast_id":"","beyondwords_hash":"","beyondwords_error_message":"","beyondwords_disabled":"","publish_post_to_speechkit":"","speechkit_generate_audio":"","speechkit_project_id":"","speechkit_podcast_id":"","speechkit_hash":"","speechkit_error_message":"","speechkit_disabled":"","speechkit_access_key":"","speechkit_error":"","speechkit_info":"","speechkit_response":"","speechkit_retries":"","_speechkit_link":"","_speechkit_text":""},"categories":[51,78],"tags":[44,2259,1887,1417,52,676],"jetpack_featured_media_url":"","_links":{"self":[{"href":"https:\/\/pinews.com.br\/index.php\/wp-json\/wp\/v2\/posts\/31546"}],"collection":[{"href":"https:\/\/pinews.com.br\/index.php\/wp-json\/wp\/v2\/posts"}],"about":[{"href":"https:\/\/pinews.com.br\/index.php\/wp-json\/wp\/v2\/types\/post"}],"author":[{"embeddable":true,"href":"https:\/\/pinews.com.br\/index.php\/wp-json\/wp\/v2\/users\/1"}],"replies":[{"embeddable":true,"href":"https:\/\/pinews.com.br\/index.php\/wp-json\/wp\/v2\/comments?post=31546"}],"version-history":[{"count":0,"href":"https:\/\/pinews.com.br\/index.php\/wp-json\/wp\/v2\/posts\/31546\/revisions"}],"wp:featuredmedia":[{"embeddable":true,"href":"https:\/\/pinews.com.br\/index.php\/wp-json\/"}],"wp:attachment":[{"href":"https:\/\/pinews.com.br\/index.php\/wp-json\/wp\/v2\/media?parent=31546"}],"wp:term":[{"taxonomy":"category","embeddable":true,"href":"https:\/\/pinews.com.br\/index.php\/wp-json\/wp\/v2\/categories?post=31546"},{"taxonomy":"post_tag","embeddable":true,"href":"https:\/\/pinews.com.br\/index.php\/wp-json\/wp\/v2\/tags?post=31546"}],"curies":[{"name":"wp","href":"https:\/\/api.w.org\/{rel}","templated":true}]}}