{"id":31585,"date":"2022-03-07T20:37:46","date_gmt":"2022-03-07T23:37:46","guid":{"rendered":"https:\/\/pinews.com.br\/?p=31585"},"modified":"2022-03-07T20:37:46","modified_gmt":"2022-03-07T23:37:46","slug":"casa-desaba-durante-chuva-e-casal-fica-preso-em-escombros-no-piaui","status":"publish","type":"post","link":"https:\/\/pinews.com.br\/index.php\/2022\/03\/07\/casa-desaba-durante-chuva-e-casal-fica-preso-em-escombros-no-piaui\/","title":{"rendered":"Casa desaba durante chuva e casal fica preso em escombros no Piau\u00ed"},"content":{"rendered":"\n<p>Uma casa localizada na Vila da Paz, zona Sul de Teresina, desabou por volta das 23h deste domingo (06) devido \u00e0s fortes chuvas na cidade. A moradora Maria da Concei\u00e7\u00e3o Bezerra e o esposo ficaram presos e precisaram da ajuda de vizinhos para sa\u00edrem dos escombros.&nbsp;<\/p>\n\n\n\n<p>Maria da Concei\u00e7\u00e3o relatou que durante a chuva chegou a retirar \u00e1gua de dentro de casa at\u00e9 que escutou um barulho e em seguida a casa desmoronou. O marido dela conseguiu sair dos escombros, mas precisou chamar vizinhos para auxili\u00e1-lo no resgate da esposa.&nbsp;<\/p>\n\n\n\n<p>A mulher ficou com as pernas presas e s\u00f3 conseguiu sair de casa ap\u00f3s a ajuda dos vizinhos.&nbsp;<\/p>\n\n\n\n<p>Animais de estima\u00e7\u00e3o e cria\u00e7\u00e3o do casal n\u00e3o tiveram a mesma sorte. O casal perdeu tudo durante a chuva deste domingo.&nbsp;<\/p>\n\n\n\n<p>Em frente \u00e0 casa de Maria da Concei\u00e7\u00e3o mora a sua m\u00e3e, que perdeu a casa no mesmo per\u00edodo em 2021 durante o per\u00edodo chuvoso. Elas estavam terminando de reconstruir o im\u00f3vel da m\u00e3e.&nbsp;<\/p>\n\n\n\n<figure class=\"wp-block-image\"><img decoding=\"async\" src=\"https:\/\/cidadeverde.com\/assets\/uploads\/noticias\/a5b829bcef23a492dc52276b93d31058.jpg\" alt=\"\"\/><figcaption><em>Foto: Gorete Santos<\/em><\/figcaption><\/figure>\n\n\n\n<p>Marcos Holf, gerente de Opera\u00e7\u00f5es da Defesa Civil Municipal, conversou com o Cidadeverde.com e informou que muitas ocorr\u00eancias de alagamentos foram registradas na cidade durante o per\u00edodo chuvoso  neste final de semana. <\/p>\n\n\n\n<p>\u201cTeve essa que desabou e outras que foram invadidas pela \u00e1gua por conta das chuvas. N\u00e3o temos contabilizado a quantidade de fam\u00edlias, mas muitas precisaram deixar suas casas por uma quest\u00e3o de seguran\u00e7a, relatou Marcos Holf.&nbsp;<\/p>\n\n\n\n<p>O gerente da Defesa Civil destacou ainda que as ocorr\u00eancias acontecem predominantemente nas \u00e1reas de risco que est\u00e3o mapeadas e monitoradas pela Prefeitura de Teresina. <\/p>\n\n\n\n<p><strong>Registro de chuvas em Teresina&nbsp;<\/strong><\/p>\n\n\n\n<p>As fortes chuvas que t\u00eam ca\u00eddo em Teresina t\u00eam deixado muitos estragos. Ruas est\u00e3o ficando parcialmente submersas e at\u00e9 parques alagados.&nbsp;<\/p>\n\n\n\n<p>Devido a chuva deste final de semana, parte da avenida Joaquim Nelson, zona Sudeste de Teresina, ficou alagada e motoristas que passavam pela regi\u00e3o precisam encontrar um desvio. <\/p>\n\n\n\n<figure class=\"wp-block-embed-youtube wp-block-embed is-type-video is-provider-youtube wp-embed-aspect-16-9 wp-has-aspect-ratio\"><div class=\"wp-block-embed__wrapper\">\n<iframe loading=\"lazy\" title=\"Av Joaquim Nelson alagada devido forte chuva\" width=\"1170\" height=\"658\" src=\"https:\/\/www.youtube.com\/embed\/D9Nb89_1ZAc?feature=oembed\" frameborder=\"0\" allow=\"accelerometer; autoplay; clipboard-write; encrypted-media; gyroscope; picture-in-picture; web-share\" allowfullscreen><\/iframe>\n<\/div><\/figure>\n\n\n\n<p>J\u00e1 no Parque Alvorada, na rua Canind\u00e9, a quantidade de chuva que caiu na cidade deixou a rua alagada e casas inundadas.&nbsp;<\/p>\n\n\n\n<figure class=\"wp-block-image\"><img decoding=\"async\" src=\"https:\/\/cidadeverde.com\/assets\/uploads\/noticias\/0c722fa8ed4ead5afc3a5d56ef926405.jpg\" alt=\"\"\/><figcaption><em>Foto: Gorete Santos<\/em><\/figcaption><\/figure>\n\n\n\n<figure class=\"wp-block-image\"><img decoding=\"async\" src=\"https:\/\/cidadeverde.com\/assets\/uploads\/noticias\/571dea94554fb538c3d718bfb5be8119.jpg\" alt=\"\"\/><figcaption><em>Foto: Gorete Santos<\/em><\/figcaption><\/figure>\n\n\n\n<p>Nas redes sociais, circulam imagens do Parque das Crian\u00e7as em Teresina tamb\u00e9m parcialmente submerso devido ao aumento dos rios e \u00e0s fortes chuvas. <\/p>\n\n\n\n<figure class=\"wp-block-image\"><img decoding=\"async\" src=\"https:\/\/cidadeverde.com\/assets\/uploads\/noticias\/05b239447b39d984db6bc04c61d8a95b.jpg\" alt=\"\"\/><figcaption>Foto: Reprodu\u00e7\u00e3o<\/figcaption><\/figure>\n\n\n\n<p><br><strong>Fonte: Gorete Santos e Nataniel Lima\/ Cidade Verde<\/strong><\/p>\n","protected":false},"excerpt":{"rendered":"<p>Uma casa localizada na Vila da Paz, zona Sul de Teresina, desabou por volta das 23h deste domingo (06) devido \u00e0s fortes chuvas na cidade. A moradora Maria da Concei\u00e7\u00e3o Bezerra e o esposo ficaram presos e precisaram da ajuda de vizinhos para sa\u00edrem dos escombros.&nbsp; Maria da Concei\u00e7\u00e3o relatou que durante a chuva chegou [&hellip;]<\/p>\n","protected":false},"author":1,"featured_media":31586,"comment_status":"open","ping_status":"open","sticky":false,"template":"","format":"standard","meta":{"beyondwords_generate_audio":"","beyondwords_project_id":"","beyondwords_podcast_id":"","beyondwords_hash":"","beyondwords_error_message":"","beyondwords_disabled":"","publish_post_to_speechkit":"","speechkit_generate_audio":"","speechkit_project_id":"","speechkit_podcast_id":"","speechkit_hash":"","speechkit_error_message":"","speechkit_disabled":"","speechkit_access_key":"","speechkit_error":"","speechkit_info":"","speechkit_response":"","speechkit_retries":"","_speechkit_link":"","_speechkit_text":""},"categories":[51,81],"tags":[149,493,43,1654,45,46,9963,160,52,79],"jetpack_featured_media_url":"","_links":{"self":[{"href":"https:\/\/pinews.com.br\/index.php\/wp-json\/wp\/v2\/posts\/31585"}],"collection":[{"href":"https:\/\/pinews.com.br\/index.php\/wp-json\/wp\/v2\/posts"}],"about":[{"href":"https:\/\/pinews.com.br\/index.php\/wp-json\/wp\/v2\/types\/post"}],"author":[{"embeddable":true,"href":"https:\/\/pinews.com.br\/index.php\/wp-json\/wp\/v2\/users\/1"}],"replies":[{"embeddable":true,"href":"https:\/\/pinews.com.br\/index.php\/wp-json\/wp\/v2\/comments?post=31585"}],"version-history":[{"count":0,"href":"https:\/\/pinews.com.br\/index.php\/wp-json\/wp\/v2\/posts\/31585\/revisions"}],"wp:featuredmedia":[{"embeddable":true,"href":"https:\/\/pinews.com.br\/index.php\/wp-json\/"}],"wp:attachment":[{"href":"https:\/\/pinews.com.br\/index.php\/wp-json\/wp\/v2\/media?parent=31585"}],"wp:term":[{"taxonomy":"category","embeddable":true,"href":"https:\/\/pinews.com.br\/index.php\/wp-json\/wp\/v2\/categories?post=31585"},{"taxonomy":"post_tag","embeddable":true,"href":"https:\/\/pinews.com.br\/index.php\/wp-json\/wp\/v2\/tags?post=31585"}],"curies":[{"name":"wp","href":"https:\/\/api.w.org\/{rel}","templated":true}]}}