{"id":31591,"date":"2022-03-08T10:50:53","date_gmt":"2022-03-08T13:50:53","guid":{"rendered":"https:\/\/pinews.com.br\/?p=31591"},"modified":"2022-03-08T10:50:53","modified_gmt":"2022-03-08T13:50:53","slug":"policial-militar-e-baleado-ja-cabeca-durante-tentativa-de-assalto-no-piaui","status":"publish","type":"post","link":"https:\/\/pinews.com.br\/index.php\/2022\/03\/08\/policial-militar-e-baleado-ja-cabeca-durante-tentativa-de-assalto-no-piaui\/","title":{"rendered":"Policial militar \u00e9 baleado j\u00e1 cabe\u00e7a durante tentativa de assalto no Piau\u00ed"},"content":{"rendered":"\n<p>O sub-tenente G de Sousa, que trabalha na seguran\u00e7a do Tribunal de Justi\u00e7a, foi baleado nesta ter\u00e7a-feira (8) durante uma tentativa de assalto no bairro Parque Itarar\u00e9, na Zona Sudeste de Teresina. O policial foi hospitalizado.<\/p>\n\n\n\n<p>Segundo informa\u00e7\u00f5es da Pol\u00edcia Militar, o sub-tenente foi atacado quando voltava de casa para o trabalho, na manh\u00e3 desta ter\u00e7a. Ele foi abordado por dois homens que estavam em uma moto preta.<\/p>\n\n\n\n<p>O policial teria tentado fugir do assalto quando foi baleado. Os assaltantes fugiram depois dos tiros, e n\u00e3o conseguiram roubar a moto nem a arma do policial.<\/p>\n\n\n\n<p>Mesmo baleado, o sub-tenente conseguiu pilotar a moto at\u00e9 sua casa, e de l\u00e1 foi para uma Unidade de Pronto Atendimento (UPA), onde foi socorrido. De l\u00e1 ele foi encaminhado para o Hospital de Urg\u00eancia de Teresina.<\/p>\n\n\n\n<p>Segundo o tenente Ramon, do 8\u00ba Batalh\u00e3o de Pol\u00edcia Militar, apesar de ter sido baleado na cabe\u00e7a, o policial estava consciente quando foi hospitalizado, e seu estado \u00e9 est\u00e1vel.<\/p>\n\n\n\n<p>Os dois assaltantes n\u00e3o foram identificados. Policiais militares fazem buscas pela cidade para tentar localizar os dois.<\/p>\n\n\n\n<p>&#8220;Estamos fazendo buscas, entrevistando os moradores e analisando imagens de c\u00e2meras de seguran\u00e7a para tentar identificar e prender os dois&#8221;, disse o tenente.<\/p>\n\n\n\n<p><strong>Fonte: G1 PI<\/strong><\/p>\n","protected":false},"excerpt":{"rendered":"<p>O sub-tenente G de Sousa, que trabalha na seguran\u00e7a do Tribunal de Justi\u00e7a, foi baleado nesta ter\u00e7a-feira (8) durante uma tentativa de assalto no bairro Parque Itarar\u00e9, na Zona Sudeste de Teresina. O policial foi hospitalizado. Segundo informa\u00e7\u00f5es da Pol\u00edcia Militar, o sub-tenente foi atacado quando voltava de casa para o trabalho, na manh\u00e3 desta [&hellip;]<\/p>\n","protected":false},"author":1,"featured_media":31592,"comment_status":"open","ping_status":"open","sticky":false,"template":"","format":"standard","meta":{"beyondwords_generate_audio":"","beyondwords_project_id":"","beyondwords_podcast_id":"","beyondwords_hash":"","beyondwords_error_message":"","beyondwords_disabled":"","publish_post_to_speechkit":"","speechkit_generate_audio":"","speechkit_project_id":"","speechkit_podcast_id":"","speechkit_hash":"","speechkit_error_message":"","speechkit_disabled":"","speechkit_access_key":"","speechkit_error":"","speechkit_info":"","speechkit_response":"","speechkit_retries":"","_speechkit_link":"","_speechkit_text":""},"categories":[51,78,81],"tags":[356,854,750,44,45,72,396,1349,52,613,164],"jetpack_featured_media_url":"","_links":{"self":[{"href":"https:\/\/pinews.com.br\/index.php\/wp-json\/wp\/v2\/posts\/31591"}],"collection":[{"href":"https:\/\/pinews.com.br\/index.php\/wp-json\/wp\/v2\/posts"}],"about":[{"href":"https:\/\/pinews.com.br\/index.php\/wp-json\/wp\/v2\/types\/post"}],"author":[{"embeddable":true,"href":"https:\/\/pinews.com.br\/index.php\/wp-json\/wp\/v2\/users\/1"}],"replies":[{"embeddable":true,"href":"https:\/\/pinews.com.br\/index.php\/wp-json\/wp\/v2\/comments?post=31591"}],"version-history":[{"count":0,"href":"https:\/\/pinews.com.br\/index.php\/wp-json\/wp\/v2\/posts\/31591\/revisions"}],"wp:featuredmedia":[{"embeddable":true,"href":"https:\/\/pinews.com.br\/index.php\/wp-json\/"}],"wp:attachment":[{"href":"https:\/\/pinews.com.br\/index.php\/wp-json\/wp\/v2\/media?parent=31591"}],"wp:term":[{"taxonomy":"category","embeddable":true,"href":"https:\/\/pinews.com.br\/index.php\/wp-json\/wp\/v2\/categories?post=31591"},{"taxonomy":"post_tag","embeddable":true,"href":"https:\/\/pinews.com.br\/index.php\/wp-json\/wp\/v2\/tags?post=31591"}],"curies":[{"name":"wp","href":"https:\/\/api.w.org\/{rel}","templated":true}]}}