{"id":31678,"date":"2022-03-11T11:20:11","date_gmt":"2022-03-11T14:20:11","guid":{"rendered":"https:\/\/pinews.com.br\/?p=31678"},"modified":"2022-03-11T11:20:11","modified_gmt":"2022-03-11T14:20:11","slug":"governo-publica-decreto-que-flexibiliza-medidas-sanitarias-em-todo-o-piaui","status":"publish","type":"post","link":"https:\/\/pinews.com.br\/index.php\/2022\/03\/11\/governo-publica-decreto-que-flexibiliza-medidas-sanitarias-em-todo-o-piaui\/","title":{"rendered":"Governo publica decreto que flexibiliza medidas sanit\u00e1rias em todo o Piau\u00ed"},"content":{"rendered":"\n<p>O novo decreto que flexibiliza as medidas sanit\u00e1rias de controle da covid-19 em todo o Piau\u00ed foi publicado na edi\u00e7\u00e3o desta quinta-feira (10) no Di\u00e1rio Oficial do Estado. O documento estabelece novas regras para a realiza\u00e7\u00e3o de eventos, como shows, feiras, congressos ou festas de qualquer natureza.&nbsp;<\/p>\n\n\n\n<p>De acordo com o texto, em ambientes fechados, o p\u00fablico admitido ser\u00e1 de 60% da capacidade do local. J\u00e1 em ambientes abertos e semiabertos, o p\u00fablico admitido ser\u00e1 de 80% da capacidade.&nbsp;<\/p>\n\n\n\n<p>O novo decreto regulamenta as medidas j\u00e1 anunciadas pelo Comit\u00ea de Opera\u00e7\u00f5es Emergenciais (COE) na \u00faltima ter\u00e7a-feira (08). A justificativa apresentada para as novas flexibiliza\u00e7\u00f5es diz respeito a redu\u00e7\u00e3o dos ind\u00edces da pandemia, como n\u00famero de novos casos, \u00f3bitos e interna\u00e7\u00f5es. <\/p>\n\n\n\n<p><strong><a href=\"https:\/\/cidadeverde.com\/assets\/uploads\/files\/decreto_1646998058.pdf\" target=\"_blank\" rel=\"noreferrer noopener\">Clique e confira a \u00edntegra do decret<\/a><a href=\"https:\/\/cidadeverde.com\/assets\/uploads\/files\/decreto_1646998058.pdf\" target=\"_blank\" rel=\"noreferrer noopener\">o<\/a><\/strong><\/p>\n\n\n\n<p>Na pr\u00f3xima semana, os membros do COE devem voltar a se reunir para decidir sobre a libera\u00e7\u00e3o do uso de m\u00e1scaras em ambientes abertos e fechados no Piau\u00ed. A medida j\u00e1 foi adotada em outros estados, tamb\u00e9m ap\u00f3s a redu\u00e7\u00e3o dos indicadores da pandemia, e deve come\u00e7ar a ser efetivada em Teresina na pr\u00f3xima segunda-feira.&nbsp;<\/p>\n\n\n\n<p>Em entrevista ontem, o secret\u00e1rio de Governo, Osmar J\u00fanior, afirmou que a pr\u00f3xima etapa de flexibiliza\u00e7\u00f5es a ser anunciada pelo estado do Piau\u00ed dever\u00e1 ser ainda maior, caso o cen\u00e1rio positivo seja mantido. <\/p>\n\n\n\n<p>\u201cVamos avan\u00e7ar na dire\u00e7\u00e3o da flexibiliza\u00e7\u00e3o das medidas que foram impostas para o enfrentamento da Covid [&#8230;] A perspectiva que n\u00f3s temos \u00e9 que a popula\u00e7\u00e3o vai continuar apoiando e que a pr\u00f3xima etapa ser\u00e1 uma liberaliza\u00e7\u00e3o ainda maior, especialmente em rela\u00e7\u00e3o a obrigatoriedade do uso da m\u00e1scara\u201d, afirmou Osmar J\u00fanior (PCdoB), secret\u00e1rio de Governo.<\/p>\n\n\n\n<p><br><strong>Fonte: Natanael Souza\/ Cidade Verde<\/strong><\/p>\n","protected":false},"excerpt":{"rendered":"<p>O novo decreto que flexibiliza as medidas sanit\u00e1rias de controle da covid-19 em todo o Piau\u00ed foi publicado na edi\u00e7\u00e3o desta quinta-feira (10) no Di\u00e1rio Oficial do Estado. O documento estabelece novas regras para a realiza\u00e7\u00e3o de eventos, como shows, feiras, congressos ou festas de qualquer natureza.&nbsp; De acordo com o texto, em ambientes fechados, [&hellip;]<\/p>\n","protected":false},"author":1,"featured_media":31679,"comment_status":"open","ping_status":"open","sticky":false,"template":"","format":"standard","meta":{"beyondwords_generate_audio":"","beyondwords_project_id":"","beyondwords_podcast_id":"","beyondwords_hash":"","beyondwords_error_message":"","beyondwords_disabled":"","publish_post_to_speechkit":"","speechkit_generate_audio":"","speechkit_project_id":"","speechkit_podcast_id":"","speechkit_hash":"","speechkit_error_message":"","speechkit_disabled":"","speechkit_access_key":"","speechkit_error":"","speechkit_info":"","speechkit_response":"","speechkit_retries":"","_speechkit_link":"","_speechkit_text":""},"categories":[51],"tags":[2611,46,8266,458,3696,52,128,5448,1022],"jetpack_featured_media_url":"","_links":{"self":[{"href":"https:\/\/pinews.com.br\/index.php\/wp-json\/wp\/v2\/posts\/31678"}],"collection":[{"href":"https:\/\/pinews.com.br\/index.php\/wp-json\/wp\/v2\/posts"}],"about":[{"href":"https:\/\/pinews.com.br\/index.php\/wp-json\/wp\/v2\/types\/post"}],"author":[{"embeddable":true,"href":"https:\/\/pinews.com.br\/index.php\/wp-json\/wp\/v2\/users\/1"}],"replies":[{"embeddable":true,"href":"https:\/\/pinews.com.br\/index.php\/wp-json\/wp\/v2\/comments?post=31678"}],"version-history":[{"count":0,"href":"https:\/\/pinews.com.br\/index.php\/wp-json\/wp\/v2\/posts\/31678\/revisions"}],"wp:featuredmedia":[{"embeddable":true,"href":"https:\/\/pinews.com.br\/index.php\/wp-json\/"}],"wp:attachment":[{"href":"https:\/\/pinews.com.br\/index.php\/wp-json\/wp\/v2\/media?parent=31678"}],"wp:term":[{"taxonomy":"category","embeddable":true,"href":"https:\/\/pinews.com.br\/index.php\/wp-json\/wp\/v2\/categories?post=31678"},{"taxonomy":"post_tag","embeddable":true,"href":"https:\/\/pinews.com.br\/index.php\/wp-json\/wp\/v2\/tags?post=31678"}],"curies":[{"name":"wp","href":"https:\/\/api.w.org\/{rel}","templated":true}]}}