{"id":31699,"date":"2022-03-12T11:05:37","date_gmt":"2022-03-12T14:05:37","guid":{"rendered":"https:\/\/pinews.com.br\/?p=31699"},"modified":"2022-03-12T11:05:37","modified_gmt":"2022-03-12T14:05:37","slug":"morador-de-rua-e-morto-a-tiros-em-avenida-no-piaui","status":"publish","type":"post","link":"https:\/\/pinews.com.br\/index.php\/2022\/03\/12\/morador-de-rua-e-morto-a-tiros-em-avenida-no-piaui\/","title":{"rendered":"Morador de rua \u00e9 morto a tiros em avenida no Piau\u00ed"},"content":{"rendered":"\n<p>Um homem em situa\u00e7\u00e3o de rua &#8211; ainda n\u00e3o identificado &#8211; foi morto a tiros na Avenida Henry Wall de Carvalho, Zona Sul de Teresina, na tarde desta sexta-feira (11). Este \u00e9 o terceiro homic\u00eddio registrado em uma hora na capital. Os assassinatos ser\u00e3o investigados pelo Departamento de Homic\u00eddios e Prote\u00e7\u00e3o \u00e0 Pessoa (DHPP).<\/p>\n\n\n\n<p>De acordo com o cabo Keydson, do 6 Batalh\u00e3o da Pol\u00edcia Militar do Piau\u00ed, um homem vestido com uma camisa camuflada desceu da bicicleta, abordou a v\u00edtima e efetuou v\u00e1rios disparos de arma de fogo, que n\u00e3o resistiu e faleceu no local.<\/p>\n\n\n\n<p>Em seguida, o homem que efetuou os disparos fugiu na bicicleta. Ele ainda n\u00e3o foi identificado.<\/p>\n\n\n\n<figure class=\"wp-block-image\"><img decoding=\"async\" src=\"https:\/\/s2.glbimg.com\/2rV20N1htnayqdKHLXvuTeaA0pY=\/0x0:5184x3456\/984x0\/smart\/filters:strip_icc()\/i.s3.glbimg.com\/v1\/AUTH_59edd422c0c84a879bd37670ae4f538a\/internal_photos\/bs\/2022\/r\/6\/NdkzAAQAmTC4J8aAzgFw\/img-6330.jpg\" alt=\"Pol\u00edcia Civil vai investigar o caso \u2014 Foto: Laura Moura \/g1 PI\"\/><figcaption>Pol\u00edcia Civil vai investigar o caso \u2014 Foto: Laura Moura \/g1 PI<\/figcaption><\/figure>\n\n\n\n<p><strong>Fonte: G1 PI<\/strong><\/p>\n","protected":false},"excerpt":{"rendered":"<p>Um homem em situa\u00e7\u00e3o de rua &#8211; ainda n\u00e3o identificado &#8211; foi morto a tiros na Avenida Henry Wall de Carvalho, Zona Sul de Teresina, na tarde desta sexta-feira (11). Este \u00e9 o terceiro homic\u00eddio registrado em uma hora na capital. Os assassinatos ser\u00e3o investigados pelo Departamento de Homic\u00eddios e Prote\u00e7\u00e3o \u00e0 Pessoa (DHPP). De [&hellip;]<\/p>\n","protected":false},"author":1,"featured_media":31700,"comment_status":"open","ping_status":"open","sticky":false,"template":"","format":"standard","meta":{"beyondwords_generate_audio":"","beyondwords_project_id":"","beyondwords_podcast_id":"","beyondwords_hash":"","beyondwords_error_message":"","beyondwords_disabled":"","publish_post_to_speechkit":"","speechkit_generate_audio":"","speechkit_project_id":"","speechkit_podcast_id":"","speechkit_hash":"","speechkit_error_message":"","speechkit_disabled":"","speechkit_access_key":"","speechkit_error":"","speechkit_info":"","speechkit_response":"","speechkit_retries":"","_speechkit_link":"","_speechkit_text":""},"categories":[51,78,81],"tags":[1091,44,72,46,578,197,52,846,165],"jetpack_featured_media_url":"","_links":{"self":[{"href":"https:\/\/pinews.com.br\/index.php\/wp-json\/wp\/v2\/posts\/31699"}],"collection":[{"href":"https:\/\/pinews.com.br\/index.php\/wp-json\/wp\/v2\/posts"}],"about":[{"href":"https:\/\/pinews.com.br\/index.php\/wp-json\/wp\/v2\/types\/post"}],"author":[{"embeddable":true,"href":"https:\/\/pinews.com.br\/index.php\/wp-json\/wp\/v2\/users\/1"}],"replies":[{"embeddable":true,"href":"https:\/\/pinews.com.br\/index.php\/wp-json\/wp\/v2\/comments?post=31699"}],"version-history":[{"count":0,"href":"https:\/\/pinews.com.br\/index.php\/wp-json\/wp\/v2\/posts\/31699\/revisions"}],"wp:featuredmedia":[{"embeddable":true,"href":"https:\/\/pinews.com.br\/index.php\/wp-json\/"}],"wp:attachment":[{"href":"https:\/\/pinews.com.br\/index.php\/wp-json\/wp\/v2\/media?parent=31699"}],"wp:term":[{"taxonomy":"category","embeddable":true,"href":"https:\/\/pinews.com.br\/index.php\/wp-json\/wp\/v2\/categories?post=31699"},{"taxonomy":"post_tag","embeddable":true,"href":"https:\/\/pinews.com.br\/index.php\/wp-json\/wp\/v2\/tags?post=31699"}],"curies":[{"name":"wp","href":"https:\/\/api.w.org\/{rel}","templated":true}]}}