{"id":31727,"date":"2022-03-13T11:55:03","date_gmt":"2022-03-13T14:55:03","guid":{"rendered":"https:\/\/pinews.com.br\/?p=31727"},"modified":"2022-03-13T11:55:03","modified_gmt":"2022-03-13T14:55:03","slug":"ex-goleiro-sofre-traumatismo-craniano-e-morre-apos-cair-de-moto-em-alagoinha-do-piaui","status":"publish","type":"post","link":"https:\/\/pinews.com.br\/index.php\/2022\/03\/13\/ex-goleiro-sofre-traumatismo-craniano-e-morre-apos-cair-de-moto-em-alagoinha-do-piaui\/","title":{"rendered":"Ex-goleiro sofre traumatismo craniano e morre ap\u00f3s cair de moto em Alagoinha do Piau\u00ed"},"content":{"rendered":"\n<p>Um homem identificado por Francival Manoel de Sousa morreu ap\u00f3s cair de uma moto e bater com a cabe\u00e7a no asfalto na noite deste s\u00e1bado, 12 de mar\u00e7o, em Alagoinha do Piau\u00ed.<\/p>\n\n\n\n<p>De acordo com informa\u00e7\u00f5es repassadas ao <a href=\"https:\/\/www.facebook.com\/ENoticiasOficial\"><em>Portal \u00c9 Not\u00edcias<\/em><\/a>, Cinaldo como era conhecido por todos, se deslocava do Muqu\u00e9m com destino \u00e0 cidade quando teria sofrido o acidente.<\/p>\n\n\n\n<p>Na queda, a v\u00edtima sofreu traumatismo craniano e morreu no local.<\/p>\n\n\n\n<figure class=\"wp-block-image\"><img decoding=\"async\" src=\"https:\/\/i0.wp.com\/www.portalenoticias.com.br\/wp-content\/uploads\/2022\/03\/WhatsApp-Image-2022-03-12-at-21.21.19.jpeg?fit=800%2C534&amp;ssl=1\" alt=\"\" class=\"wp-image-105368\"\/><figcaption>Ex-goleiro sofre traumatismo craniano e morre ap\u00f3s cair de moto em Alagoinha do Piau\u00ed<\/figcaption><\/figure>\n\n\n\n<p>Francival Manoel de Sousa tinha 39 anos, era casado e residia no Muqu\u00e9m, localidade situada pr\u00f3xima ao centro de Alagoinha do Piau\u00ed.<\/p>\n\n\n\n<p>Ele era bastante conhecido por gostar de futebol onde atuou por bastante tempo como goleiro. Sua tr\u00e1gica morte comoveu todo o munic\u00edpio.<\/p>\n\n\n\n<p><strong>Fonte: Portal \u00c9 Not\u00edcias<\/strong><\/p>\n","protected":false},"excerpt":{"rendered":"<p>Um homem identificado por Francival Manoel de Sousa morreu ap\u00f3s cair de uma moto e bater com a cabe\u00e7a no asfalto na noite deste s\u00e1bado, 12 de mar\u00e7o, em Alagoinha do Piau\u00ed. De acordo com informa\u00e7\u00f5es repassadas ao Portal \u00c9 Not\u00edcias, Cinaldo como era conhecido por todos, se deslocava do Muqu\u00e9m com destino \u00e0 cidade [&hellip;]<\/p>\n","protected":false},"author":1,"featured_media":31728,"comment_status":"open","ping_status":"open","sticky":false,"template":"","format":"standard","meta":{"beyondwords_generate_audio":"","beyondwords_project_id":"","beyondwords_podcast_id":"","beyondwords_hash":"","beyondwords_error_message":"","beyondwords_disabled":"","publish_post_to_speechkit":"","speechkit_generate_audio":"","speechkit_project_id":"","speechkit_podcast_id":"","speechkit_hash":"","speechkit_error_message":"","speechkit_disabled":"","speechkit_access_key":"","speechkit_error":"","speechkit_info":"","speechkit_response":"","speechkit_retries":"","_speechkit_link":"","_speechkit_text":""},"categories":[1107,124,51],"tags":[1106,70,353,575,44,46,9982,119,304,52,405,582],"jetpack_featured_media_url":"","_links":{"self":[{"href":"https:\/\/pinews.com.br\/index.php\/wp-json\/wp\/v2\/posts\/31727"}],"collection":[{"href":"https:\/\/pinews.com.br\/index.php\/wp-json\/wp\/v2\/posts"}],"about":[{"href":"https:\/\/pinews.com.br\/index.php\/wp-json\/wp\/v2\/types\/post"}],"author":[{"embeddable":true,"href":"https:\/\/pinews.com.br\/index.php\/wp-json\/wp\/v2\/users\/1"}],"replies":[{"embeddable":true,"href":"https:\/\/pinews.com.br\/index.php\/wp-json\/wp\/v2\/comments?post=31727"}],"version-history":[{"count":0,"href":"https:\/\/pinews.com.br\/index.php\/wp-json\/wp\/v2\/posts\/31727\/revisions"}],"wp:featuredmedia":[{"embeddable":true,"href":"https:\/\/pinews.com.br\/index.php\/wp-json\/"}],"wp:attachment":[{"href":"https:\/\/pinews.com.br\/index.php\/wp-json\/wp\/v2\/media?parent=31727"}],"wp:term":[{"taxonomy":"category","embeddable":true,"href":"https:\/\/pinews.com.br\/index.php\/wp-json\/wp\/v2\/categories?post=31727"},{"taxonomy":"post_tag","embeddable":true,"href":"https:\/\/pinews.com.br\/index.php\/wp-json\/wp\/v2\/tags?post=31727"}],"curies":[{"name":"wp","href":"https:\/\/api.w.org\/{rel}","templated":true}]}}