{"id":31732,"date":"2022-03-13T17:35:58","date_gmt":"2022-03-13T20:35:58","guid":{"rendered":"https:\/\/pinews.com.br\/?p=31732"},"modified":"2022-03-13T17:35:58","modified_gmt":"2022-03-13T20:35:58","slug":"jornalista-que-cobria-guerra-na-ucrania-e-morto-em-ataque-diz-policia-local","status":"publish","type":"post","link":"https:\/\/pinews.com.br\/index.php\/2022\/03\/13\/jornalista-que-cobria-guerra-na-ucrania-e-morto-em-ataque-diz-policia-local\/","title":{"rendered":"Jornalista que cobria guerra na Ucr\u00e2nia \u00e9 morto em ataque, diz pol\u00edcia local"},"content":{"rendered":"\n<p>Um jornalista americano que cobria a guerra na Ucr\u00e2nia foi morto nos arredores da capital Kiev, informou neste domingo (13) o chefe da pol\u00edcia local, segundo a ag\u00eancia Reuters.<\/p>\n\n\n\n<p>Brent Renaud, 51, teria sido baleado quando for\u00e7as russas abriram fogo contra um carro perto da cidade de Irpin, importante art\u00e9ria para chegar \u00e0 capital, disse o di\u00e1rio brit\u00e2nico The Guardian, citando a mesma fonte.<\/p>\n\n\n\n<p>Ele foi inicialmente identificado como rep\u00f3rter do The New York Times, mas o jornal americano divulgou uma nota lamentando sua morte e afirmando que Renaud havia colaborado para o di\u00e1rio pela \u00faltima vez em 2015.<\/p>\n\n\n\n<p>&#8220;Apesar de ele ter colaborado para o The Times no passado (a \u00faltima vez em 2015), ele n\u00e3o estava na Ucr\u00e2nia a servi\u00e7o de nenhum setor do jornal. Not\u00edcias iniciais de que ele trabalhava para o jornal circularam porque ele usava uma credencial da empresa de uma pauta de muitos anos atr\u00e1s.&#8221;<\/p>\n\n\n\n<p>Outro jornalista que estava com Renaud no momento tamb\u00e9m ficou ferido e foi levado para um hospital ap\u00f3s o ataque. A pol\u00edcia local fala em dois feridos, sem especificar quem \u00e9 a outra pessoa.<\/p>\n\n\n\n<p>Os dois homens foram atingidos enquanto dirigiam com um civil ucraniano, tamb\u00e9m ferido, disse \u00e0 AFP Danilo Shapovalov.<\/p>\n\n\n\n<p><strong>Fonte: Folhapress<\/strong><\/p>\n","protected":false},"excerpt":{"rendered":"<p>Um jornalista americano que cobria a guerra na Ucr\u00e2nia foi morto nos arredores da capital Kiev, informou neste domingo (13) o chefe da pol\u00edcia local, segundo a ag\u00eancia Reuters. Brent Renaud, 51, teria sido baleado quando for\u00e7as russas abriram fogo contra um carro perto da cidade de Irpin, importante art\u00e9ria para chegar \u00e0 capital, disse [&hellip;]<\/p>\n","protected":false},"author":1,"featured_media":31733,"comment_status":"open","ping_status":"open","sticky":false,"template":"","format":"standard","meta":{"beyondwords_generate_audio":"","beyondwords_project_id":"","beyondwords_podcast_id":"","beyondwords_hash":"","beyondwords_error_message":"","beyondwords_disabled":"","publish_post_to_speechkit":"","speechkit_generate_audio":"","speechkit_project_id":"","speechkit_podcast_id":"","speechkit_hash":"","speechkit_error_message":"","speechkit_disabled":"","speechkit_access_key":"","speechkit_error":"","speechkit_info":"","speechkit_response":"","speechkit_retries":"","_speechkit_link":"","_speechkit_text":""},"categories":[134,1147],"tags":[1109,9983,683,72,46,9984,146,5768,197,91,466,9985],"jetpack_featured_media_url":"","_links":{"self":[{"href":"https:\/\/pinews.com.br\/index.php\/wp-json\/wp\/v2\/posts\/31732"}],"collection":[{"href":"https:\/\/pinews.com.br\/index.php\/wp-json\/wp\/v2\/posts"}],"about":[{"href":"https:\/\/pinews.com.br\/index.php\/wp-json\/wp\/v2\/types\/post"}],"author":[{"embeddable":true,"href":"https:\/\/pinews.com.br\/index.php\/wp-json\/wp\/v2\/users\/1"}],"replies":[{"embeddable":true,"href":"https:\/\/pinews.com.br\/index.php\/wp-json\/wp\/v2\/comments?post=31732"}],"version-history":[{"count":0,"href":"https:\/\/pinews.com.br\/index.php\/wp-json\/wp\/v2\/posts\/31732\/revisions"}],"wp:featuredmedia":[{"embeddable":true,"href":"https:\/\/pinews.com.br\/index.php\/wp-json\/"}],"wp:attachment":[{"href":"https:\/\/pinews.com.br\/index.php\/wp-json\/wp\/v2\/media?parent=31732"}],"wp:term":[{"taxonomy":"category","embeddable":true,"href":"https:\/\/pinews.com.br\/index.php\/wp-json\/wp\/v2\/categories?post=31732"},{"taxonomy":"post_tag","embeddable":true,"href":"https:\/\/pinews.com.br\/index.php\/wp-json\/wp\/v2\/tags?post=31732"}],"curies":[{"name":"wp","href":"https:\/\/api.w.org\/{rel}","templated":true}]}}