{"id":31814,"date":"2022-03-15T19:45:18","date_gmt":"2022-03-15T22:45:18","guid":{"rendered":"https:\/\/pinews.com.br\/?p=31814"},"modified":"2022-03-15T19:45:18","modified_gmt":"2022-03-15T22:45:18","slug":"governo-do-piaui-lanca-carteira-de-identidade-digital-veja-locais-para-emissao","status":"publish","type":"post","link":"https:\/\/pinews.com.br\/index.php\/2022\/03\/15\/governo-do-piaui-lanca-carteira-de-identidade-digital-veja-locais-para-emissao\/","title":{"rendered":"Governo do Piau\u00ed lan\u00e7a carteira de identidade digital; veja locais para emiss\u00e3o"},"content":{"rendered":"\n<p>O governador do Piau\u00ed, Wellington Dias (PT), lan\u00e7ou nesta ter\u00e7a-feira (15) a carteira de identifica\u00e7\u00e3o digital durante solenidade no Pal\u00e1cio de Karnak, em Teresina. A partir de agora, o documento emitido pelo Instituto de Identifica\u00e7\u00e3o contar\u00e1 o n\u00famero do CPF.<\/p>\n\n\n\n<p>A carteira identifica\u00e7\u00e3o digital traz um sistema biom\u00e9trico informatizado, com capta\u00e7\u00e3o das impress\u00f5es digitais por meio de leitor \u00f3ptico, al\u00e9m de marca d\u2019\u00e1gua, itens que dificultam fraudes.<\/p>\n\n\n\n<ul><li><a href=\"https:\/\/g1.globo.com\/pi\/piaui\/noticia\/2022\/02\/24\/numero-da-carteira-de-identidade-sera-o-mesmo-do-cpf-a-partir-de-marco-no-piaui.ghtml\">Entenda como funciona a carteira de identidade digital<\/a><\/li><\/ul>\n\n\n\n<p>Durante a solenidade, o governador destacou que apenas o Piau\u00ed e Santa Catarina adotaram o novo sistema de identifica\u00e7\u00e3o.<\/p>\n\n\n\n<p>&#8220;Vale destacar que as identidades antigas continuam v\u00e1lidas, elas t\u00eam o prazo de 10 anos. Caso de perda do documento ou furto, este j\u00e1 vai tirar a segunda via digital. Crian\u00e7as, menores (de 18 anos) que precisam do primeiro RG, tamb\u00e9m ser\u00e3o 100% digital&#8221;, explicou o diretor Juarez Carvalho, do Instituto de Identifica\u00e7\u00e3o Jo\u00e3o de Deus Martins.<\/p>\n\n\n\n<h2>Onde emitir?<\/h2>\n\n\n\n<p>A emiss\u00e3o do Registro Geral Nacional se dar\u00e1 inicialmente em tr\u00eas pontos na capital: os postos do Instituto de Identifica\u00e7\u00e3o no Espa\u00e7o Da Cidadania do Shopping Rio Poty e do Show Auto Mall, al\u00e9m da sede do \u00f3rg\u00e3o na Pra\u00e7a Saraiva.<\/p>\n\n\n\n<p>Nos Espa\u00e7os da Cidadania \u00e9 necess\u00e1rio agendamento e nos demais postos ser\u00e1 feito pela demanda espont\u00e2nea.<\/p>\n\n\n\n<p>A previs\u00e3o \u00e9 que os demais postos de expedi\u00e7\u00e3o de carteira de identidade espalhados pelo interior do estado recebam os equipamentos e treinamento pra emitir os documentos no m\u00eas de abril.<\/p>\n\n\n\n<p><strong>Fonte: G1 PI<\/strong><\/p>\n","protected":false},"excerpt":{"rendered":"<p>O governador do Piau\u00ed, Wellington Dias (PT), lan\u00e7ou nesta ter\u00e7a-feira (15) a carteira de identifica\u00e7\u00e3o digital durante solenidade no Pal\u00e1cio de Karnak, em Teresina. A partir de agora, o documento emitido pelo Instituto de Identifica\u00e7\u00e3o contar\u00e1 o n\u00famero do CPF. A carteira identifica\u00e7\u00e3o digital traz um sistema biom\u00e9trico informatizado, com capta\u00e7\u00e3o das impress\u00f5es digitais por [&hellip;]<\/p>\n","protected":false},"author":1,"featured_media":31815,"comment_status":"open","ping_status":"open","sticky":false,"template":"","format":"standard","meta":{"beyondwords_generate_audio":"","beyondwords_project_id":"","beyondwords_podcast_id":"","beyondwords_hash":"","beyondwords_error_message":"","beyondwords_disabled":"","publish_post_to_speechkit":"","speechkit_generate_audio":"","speechkit_project_id":"","speechkit_podcast_id":"","speechkit_hash":"","speechkit_error_message":"","speechkit_disabled":"","speechkit_access_key":"","speechkit_error":"","speechkit_info":"","speechkit_response":"","speechkit_retries":"","_speechkit_link":"","_speechkit_text":""},"categories":[51],"tags":[5385,44,6225,8958,458,6552,6829,6254,350,52,425],"jetpack_featured_media_url":"","_links":{"self":[{"href":"https:\/\/pinews.com.br\/index.php\/wp-json\/wp\/v2\/posts\/31814"}],"collection":[{"href":"https:\/\/pinews.com.br\/index.php\/wp-json\/wp\/v2\/posts"}],"about":[{"href":"https:\/\/pinews.com.br\/index.php\/wp-json\/wp\/v2\/types\/post"}],"author":[{"embeddable":true,"href":"https:\/\/pinews.com.br\/index.php\/wp-json\/wp\/v2\/users\/1"}],"replies":[{"embeddable":true,"href":"https:\/\/pinews.com.br\/index.php\/wp-json\/wp\/v2\/comments?post=31814"}],"version-history":[{"count":0,"href":"https:\/\/pinews.com.br\/index.php\/wp-json\/wp\/v2\/posts\/31814\/revisions"}],"wp:featuredmedia":[{"embeddable":true,"href":"https:\/\/pinews.com.br\/index.php\/wp-json\/"}],"wp:attachment":[{"href":"https:\/\/pinews.com.br\/index.php\/wp-json\/wp\/v2\/media?parent=31814"}],"wp:term":[{"taxonomy":"category","embeddable":true,"href":"https:\/\/pinews.com.br\/index.php\/wp-json\/wp\/v2\/categories?post=31814"},{"taxonomy":"post_tag","embeddable":true,"href":"https:\/\/pinews.com.br\/index.php\/wp-json\/wp\/v2\/tags?post=31814"}],"curies":[{"name":"wp","href":"https:\/\/api.w.org\/{rel}","templated":true}]}}