{"id":31850,"date":"2022-03-16T20:37:28","date_gmt":"2022-03-16T23:37:28","guid":{"rendered":"https:\/\/pinews.com.br\/?p=31850"},"modified":"2022-03-16T20:37:28","modified_gmt":"2022-03-16T23:37:28","slug":"izadora-foi-morta-dormindo-diz-mae-ao-garantir-no-juri-que-assassinou-a-filha-sozinha","status":"publish","type":"post","link":"https:\/\/pinews.com.br\/index.php\/2022\/03\/16\/izadora-foi-morta-dormindo-diz-mae-ao-garantir-no-juri-que-assassinou-a-filha-sozinha\/","title":{"rendered":"Izadora foi morta dormindo, diz m\u00e3e ao garantir no J\u00fari que assassinou a filha sozinha"},"content":{"rendered":"\n<p>A aposentada Maria Nerci dos Santos Mour\u00e3o, de 71 anos, voltou a assumir a autoria do assassinato da filha, a advogada Izabela Mour\u00e3o que foi morta com onze facadas no dia 13 de fevereiro de 2021.&nbsp;<\/p>\n\n\n\n<p>Durante depoimento nesta quarta-feira (16) no Tribunal do J\u00fari, na 2\u00aa Vara da Comarca de Pedro II, a 206 km de Teresina, Maria Nerci confessou que matou a filha dormindo e negou a participa\u00e7\u00e3o do filho, o jornalista Jo\u00e3o Paulo Santos Mour\u00e3o no assassinato.<\/p>\n\n\n\n<p>Maria Nerci decidiu assumir a autoria do assassinato alegando que foi a \u00fanica respons\u00e1vel pelas facadas que mataram Izabela, mas essa vers\u00e3o \u00e9 descartada pela acusa\u00e7\u00e3o que acredita que o objetivo \u00e9 impedir que a autoria do crime recaia em Jo\u00e3o Paulo. Como Maria Nerci \u00e9 idosa e tem um filho com defici\u00eancia, poderia ser beneficiada com redu\u00e7\u00e3o de pena ou at\u00e9 mesmo, em caso de condena\u00e7\u00e3o, n\u00e3o cumprir regime fechado.<\/p>\n\n\n\n<p>Em depoimento a idosa disse que Izabela chegou em casa reclamando de dor de cabe\u00e7a e que ambas tiveram uma discuss\u00e3o. Maria Nerci disse que a advogada teria feito amea\u00e7as e afirmado que faria a idosa perder a sua aposentadoria.<\/p>\n\n\n\n<p>Segundo a vers\u00e3o da acusada, ap\u00f3s a filha tomar um rem\u00e9dio para dor de cabe\u00e7a, ela foi dormir no quarto do irm\u00e3o, mesmo tendo um quarto na casa, e que seu filho Jo\u00e3o Paulo foi para outro c\u00f4modo, momento em que ela decidiu cometer o crime.<\/p>\n\n\n\n<p>\u201cComo ela disse que vai me matar e me judiar, eu fui ver se ela estava se mexendo ou dormindo. Eu fui ver e ela estava dormindo, com sono pesado. Eu tinha levado a faca, pois eu disse: ou hoje ou nunca, sen\u00e3o ela me mata primeiro. Eu dei o primeiro golpe, que foi muito forte, ela pegou no meu bra\u00e7o esquerdo, se virou. Ela queria se virar para pegar a faca, mas n\u00e3o conseguiu se sustentar. Eu dei um golpe muito forte e saiu bastante sangue, e eu fiquei golpeando, porque sen\u00e3o ela pegaria a faca e mataria todo mundo. N\u00e3o contei quantos golpes. E depois ela ficou l\u00e1 emborcada\u201d, afirmou.<\/p>\n\n\n\n<p>Maria Nerci disse que foi necess\u00e1rio cometer o crime e que tudo aconteceu em leg\u00edtima defesa, pois se sentia amea\u00e7ada.<\/p>\n\n\n\n<p>\u201cSei que \u00e9 muito errado, mas dizem que quem mata em livre defesa n\u00e3o \u00e9 pecado. Sabendo que era uma coisa horr\u00edvel, mas uma coisa que eu nunca tinha feito, nem matar uma galinha, mas ela estava muito mal comigo. Eu n\u00e3o quero que nenhuma m\u00e3e ou pai passe por isso, eu n\u00e3o estava mais suportando. Tem muita gente me julgando muito mal, mas eu n\u00e3o sou uma pessoa ruim. Eu sou uma Nerci boa, criei meus filhos muito bem, mas ela infelizmente teve esse problema com ela\u201d, disse.<\/p>\n\n\n\n<p>Durante depoimento ela foi questionada porque Izabela, que tinha o melhor quarto da casa, foi dormir no quarto de Jo\u00e3o Paulo, a idosa disse que ela gostava de ficar no quarto do irm\u00e3o.<\/p>\n\n\n\n<p>A acusa\u00e7\u00e3o tamb\u00e9m questionou porque Maria Nerci demorou duas horas ap\u00f3s o crime para ligar para a mulher que ajudava na limpeza da casa. &#8220;Eu fui fazer um suco&#8221;, revelou a idosa. Quando a acusa\u00e7\u00e3o questiona porque ela foi fazer um suco, ela disse que n\u00e3o se lembrava o que tinha feito. &#8220;Eu n\u00e3o se sei se fiz um suco, n\u00e3o me lembro mais o que aconteceu&#8221;, alegou. Ela ainda disse que n\u00e3o avisou ao filho Jo\u00e3o Paulo que estava no outro quarto sobre o que aconteceu, somente ap\u00f3s a chegada da mulher que realizava a limpeza da casa.<\/p>\n\n\n\n<p><strong>Jo\u00e3o Paulo negou autoria<\/strong><\/p>\n\n\n\n<p>Durante seu depoimento, o jornalista Jo\u00e3o Paulo Mour\u00e3o negou sua participa\u00e7\u00e3o na morte da irm\u00e3, que foi assassinada a facadas no quarto do acusado. Em depoimento, ele afirmou que a irm\u00e3 chegou em casa por volta das 6h30 da manh\u00e3 de s\u00e1bado, 13 de fevereiro.&nbsp;<\/p>\n\n\n\n<p>Ele disse que a advogada estava se sentindo mal, e mesmo tendo o pr\u00f3prio quarto, foi dormir no quarto dele, o que fez Jo\u00e3o Paulo ir dormir no quarto da m\u00e3e, localizada nos fundos da resid\u00eancia. O acusado disse que foi acordado por volta de 9h30, pela m\u00e3e e a diarista, que informaram que Izabela estava morta.<\/p>\n\n\n\n<p>\u201cMe conduziram at\u00e9 a porta do meu quarto e vi a cena que foi mostrada nos autos. Eu fiquei em estado de choque e paralisado sem saber o que fazer. A\u00ed fechei os olhos e abri de novo para saber se n\u00e3o era um pesadelo. Perguntei para a minha m\u00e3e o que aconteceu, ela deu relato, que foi o mesmo que dei para os policiais\u201d, afirmou.<\/p>\n\n\n\n<p>A primeira vers\u00e3o contada pela fam\u00edlia foi que uma mulher foi at\u00e9 o local fazer uma cobran\u00e7a e que ela teria cometido o crime, mas logo depois Jo\u00e3o Paulo foi preso apontado como o executor do crime. \u201cEu fiquei surpreso, completamente abismado, sem saber entender aquilo. Voz de pris\u00e3o? Porque? O que eu fiz? Fiquei surpreso, sem entender o que est\u00e1 acontecendo. Falei que era um grande mal entendido\u201d, disse o acusado.<\/p>\n\n\n\n<p>Jo\u00e3o Paulo declarou ainda que ficou surpreso ap\u00f3s descobrir o envolvimento da sua m\u00e3e e por ela ter colocado ele nessa situa\u00e7\u00e3o. \u201cEu estou muito entristecido com o que a minha m\u00e3e fez, que acabou me prejudicando, que causa revolta, n\u00e3o s\u00f3 para os filhos da minha irm\u00e3, revolta nos parentes, em mim, que estou sofrendo absurdamente. Eu fiquei muito triste, o primeiro relato que ela me deu, eu acreditei na minha m\u00e3e, porque ela sempre falou a verdade para mim, e n\u00e3o tinha como eu duvidar\u201d, afirmou.<\/p>\n\n\n\n<p>Ele ainda destacou que antes do assassinato, a m\u00e3e relatou que as duas tinham discutido. \u201cEu era a pessoa que apaziguava os \u00e2nimos, que buscava que elas ficassem de bem, unidas, pelo tempo necess\u00e1rio, para ficarem em paz\u201d, destacou.<\/p>\n\n\n\n<p>Durante o julgamento, a Pol\u00edcia Civil apresentou um bilhete apontado com teor amea\u00e7ador que o irm\u00e3o de Izadora enviou a ela antes do crime, que dizia que era para ela cuidar da vida dela,e deixa eles em paz. O jornalista negou que tenha sido uma amea\u00e7a. \u201cEu falei isso para a sa\u00fade dela, o bem estar dela. Ela tinha um problema nos nervos no bra\u00e7o, fez uma consulta com um psic\u00f3logo, que ap\u00f3s a separa\u00e7\u00e3o ficou depressiva, foi passado rem\u00e9dio e ela n\u00e3o estava tomando esse rem\u00e9dio, nem o do bra\u00e7o. Ela estava deixando de tomar a medica\u00e7\u00e3o dela. Eu nunca pressionei ela em nada, era s\u00f3 para ela ficar bem de sa\u00fade\u201d, alegou.<\/p>\n\n\n\n<p><strong>Per\u00edcia diz que Jo\u00e3o Paulo cometeu o crime<\/strong><\/p>\n\n\n\n<figure class=\"wp-block-image\"><img decoding=\"async\" src=\"https:\/\/cidadeverde.com\/assets\/uploads\/posts\/8dd85f28b40fae863fdedd55a4d5dc8e.jpg\" alt=\"\"\/><figcaption><em>Foto: Divulga\u00e7\u00e3o\/Pol\u00edcia Civil<\/em><\/figcaption><\/figure>\n\n\n\n<p>Segundo a Pol\u00edcia Civil, a per\u00edcia atestou que no dia do crime, Jo\u00e3o Paulo executou e a m\u00e3e assistiu ao assassinato, pois a posi\u00e7\u00e3o dos golpes de faca feitos em Izadora favorece o lan\u00e7amento de sangue encontrado no vestido da m\u00e3e dela, Maria Nerci. As roupas usadas por Jo\u00e3o Paulo n\u00e3o foram encontradas.<\/p>\n\n\n\n<p>De acordo com a per\u00edcia, Izadora sofreu 11 golpes de faca, a maioria no pesco\u00e7o e uma no peito. Foram feitas perfura\u00e7\u00f5es de 4 a 9 cent\u00edmetros, que seriam incompat\u00edveis com a for\u00e7a da idosa.&nbsp;<\/p>\n\n\n\n<p><strong>Briga por heran\u00e7a<\/strong><\/p>\n\n\n\n<p>O Minist\u00e9rio P\u00fablico defende a tese de que o crime foi cometido por Jo\u00e3o Paulo e Maria Nerci, e que a motiva\u00e7\u00e3o estaria relacionada a uma heran\u00e7a de cerca de R$ 4 milh\u00f5es, deixada pelo pai da advogada. <\/p>\n\n\n\n<figure class=\"wp-block-image\"><img decoding=\"async\" src=\"https:\/\/cidadeverde.com\/assets\/uploads\/posts\/jo%C3%A3o_paulo11.jpg\" alt=\"\"\/><figcaption>Maria Nerci e Jo\u00e3o Paulo\/ <em>Foto: reprodu\u00e7\u00e3o\/Redes sociais<\/em><\/figcaption><\/figure>\n\n\n\n<p>&#8220;Desde o primeiro momento, o Minist\u00e9rio P\u00fablico trabalha com as provas que foram produzidas pela per\u00edcia e pela Pol\u00edcia Civil do Piaui. O Minist\u00e9rio P\u00fablico trabalha com a participa\u00e7\u00e3o da dona Maria Nerci e do Jo\u00e3o Paulo, em raz\u00e3o de uma divis\u00e3o de bens, de uma heran\u00e7a&#8221;, destacou o promotor de Justi\u00e7a, M\u00e1rcio Carcar\u00e1.&nbsp;<\/p>\n\n\n\n<p>O ex-namorado de Izadora, Marcos Ant\u00f4nio dos Santos Viana, afirmou ao J\u00fari que ela tinha medo do irm\u00e3o e da m\u00e3e e que a advogada era muito pr\u00f3xima do pai e que ap\u00f3s a morte dele, a m\u00e3e e o irm\u00e3o se voltaram contra ela.&nbsp;&nbsp;<\/p>\n\n\n\n<p>&#8220;Eles trocaram as fechaduras da casa de Teresina e n\u00e3o deram a chave para ela, impediram ela de frequentar uma ch\u00e1cara que era da fam\u00edlia. Ela dirigia uma D20 e at\u00e9 ela eles queriam vender. Ela disse outra vez: meu irm\u00e3o tem o perfil de um psicopata. J\u00e1 estudei e \u00e9 o perfil do meu irm\u00e3o. Ele n\u00e3o demonstra felicidade, tristeza&#8221;, relembrou o ex-namorado. <\/p>\n\n\n\n<p><strong>Fonte: B\u00e1rbara Rodrigues\/ Cidade Verde<\/strong><\/p>\n","protected":false},"excerpt":{"rendered":"<p>A aposentada Maria Nerci dos Santos Mour\u00e3o, de 71 anos, voltou a assumir a autoria do assassinato da filha, a advogada Izabela Mour\u00e3o que foi morta com onze facadas no dia 13 de fevereiro de 2021.&nbsp; Durante depoimento nesta quarta-feira (16) no Tribunal do J\u00fari, na 2\u00aa Vara da Comarca de Pedro II, a 206 [&hellip;]<\/p>\n","protected":false},"author":1,"featured_media":31851,"comment_status":"open","ping_status":"open","sticky":false,"template":"","format":"standard","meta":{"beyondwords_generate_audio":"","beyondwords_project_id":"","beyondwords_podcast_id":"","beyondwords_hash":"","beyondwords_error_message":"","beyondwords_disabled":"","publish_post_to_speechkit":"","speechkit_generate_audio":"","speechkit_project_id":"","speechkit_podcast_id":"","speechkit_hash":"","speechkit_error_message":"","speechkit_disabled":"","speechkit_access_key":"","speechkit_error":"","speechkit_info":"","speechkit_response":"","speechkit_retries":"","_speechkit_link":"","_speechkit_text":""},"categories":[51,78],"tags":[132,9996,683,486,358,1066,9997,7576,5687,117,481,6844],"jetpack_featured_media_url":"","_links":{"self":[{"href":"https:\/\/pinews.com.br\/index.php\/wp-json\/wp\/v2\/posts\/31850"}],"collection":[{"href":"https:\/\/pinews.com.br\/index.php\/wp-json\/wp\/v2\/posts"}],"about":[{"href":"https:\/\/pinews.com.br\/index.php\/wp-json\/wp\/v2\/types\/post"}],"author":[{"embeddable":true,"href":"https:\/\/pinews.com.br\/index.php\/wp-json\/wp\/v2\/users\/1"}],"replies":[{"embeddable":true,"href":"https:\/\/pinews.com.br\/index.php\/wp-json\/wp\/v2\/comments?post=31850"}],"version-history":[{"count":0,"href":"https:\/\/pinews.com.br\/index.php\/wp-json\/wp\/v2\/posts\/31850\/revisions"}],"wp:featuredmedia":[{"embeddable":true,"href":"https:\/\/pinews.com.br\/index.php\/wp-json\/"}],"wp:attachment":[{"href":"https:\/\/pinews.com.br\/index.php\/wp-json\/wp\/v2\/media?parent=31850"}],"wp:term":[{"taxonomy":"category","embeddable":true,"href":"https:\/\/pinews.com.br\/index.php\/wp-json\/wp\/v2\/categories?post=31850"},{"taxonomy":"post_tag","embeddable":true,"href":"https:\/\/pinews.com.br\/index.php\/wp-json\/wp\/v2\/tags?post=31850"}],"curies":[{"name":"wp","href":"https:\/\/api.w.org\/{rel}","templated":true}]}}