{"id":31890,"date":"2022-03-18T11:49:07","date_gmt":"2022-03-18T14:49:07","guid":{"rendered":"https:\/\/pinews.com.br\/?p=31890"},"modified":"2022-03-18T11:49:07","modified_gmt":"2022-03-18T14:49:07","slug":"acusado-de-estuprar-e-engravidar-a-neta-e-preso-no-sul-do-piaui","status":"publish","type":"post","link":"https:\/\/pinews.com.br\/index.php\/2022\/03\/18\/acusado-de-estuprar-e-engravidar-a-neta-e-preso-no-sul-do-piaui\/","title":{"rendered":"Acusado de estuprar e engravidar a neta \u00e9 preso no Sul do Piau\u00ed"},"content":{"rendered":"\n<p>Um homem que n\u00e3o teve sua identidade revelada foi preso na quinta-feira (17), na zona rural de Corrente, Sul do Piau\u00ed, acusado de estupro de vulner\u00e1vel contra a pr\u00f3pria neta.<\/p>\n\n\n\n<p>De acordo com nota da Pol\u00edcia Civil sobre o caso, a v\u00edtima \u00e9 menor de idade e engravidou em decorr\u00eancia da viol\u00eancia sexual. A crian\u00e7a foi submetida a abordo previsto em lei.<\/p>\n\n\n\n<p>A pris\u00e3o ocorreu em cumprimento a um mandado de pris\u00e3o e o acusado ficar\u00e1 \u00e0 disposi\u00e7\u00e3o da Justi\u00e7a enquanto responde pelo crime.<\/p>\n\n\n\n<p><strong>Fonte: G1 PI<\/strong><\/p>\n","protected":false},"excerpt":{"rendered":"<p>Um homem que n\u00e3o teve sua identidade revelada foi preso na quinta-feira (17), na zona rural de Corrente, Sul do Piau\u00ed, acusado de estupro de vulner\u00e1vel contra a pr\u00f3pria neta. De acordo com nota da Pol\u00edcia Civil sobre o caso, a v\u00edtima \u00e9 menor de idade e engravidou em decorr\u00eancia da viol\u00eancia sexual. A crian\u00e7a [&hellip;]<\/p>\n","protected":false},"author":1,"featured_media":31891,"comment_status":"open","ping_status":"open","sticky":false,"template":"","format":"standard","meta":{"beyondwords_generate_audio":"","beyondwords_project_id":"","beyondwords_podcast_id":"","beyondwords_hash":"","beyondwords_error_message":"","beyondwords_disabled":"","publish_post_to_speechkit":"","speechkit_generate_audio":"","speechkit_project_id":"","speechkit_podcast_id":"","speechkit_hash":"","speechkit_error_message":"","speechkit_disabled":"","speechkit_access_key":"","speechkit_error":"","speechkit_info":"","speechkit_response":"","speechkit_retries":"","_speechkit_link":"","_speechkit_text":""},"categories":[51,78],"tags":[1273,44,72,1484,348,6442,52,79,120],"jetpack_featured_media_url":"","_links":{"self":[{"href":"https:\/\/pinews.com.br\/index.php\/wp-json\/wp\/v2\/posts\/31890"}],"collection":[{"href":"https:\/\/pinews.com.br\/index.php\/wp-json\/wp\/v2\/posts"}],"about":[{"href":"https:\/\/pinews.com.br\/index.php\/wp-json\/wp\/v2\/types\/post"}],"author":[{"embeddable":true,"href":"https:\/\/pinews.com.br\/index.php\/wp-json\/wp\/v2\/users\/1"}],"replies":[{"embeddable":true,"href":"https:\/\/pinews.com.br\/index.php\/wp-json\/wp\/v2\/comments?post=31890"}],"version-history":[{"count":0,"href":"https:\/\/pinews.com.br\/index.php\/wp-json\/wp\/v2\/posts\/31890\/revisions"}],"wp:featuredmedia":[{"embeddable":true,"href":"https:\/\/pinews.com.br\/index.php\/wp-json\/"}],"wp:attachment":[{"href":"https:\/\/pinews.com.br\/index.php\/wp-json\/wp\/v2\/media?parent=31890"}],"wp:term":[{"taxonomy":"category","embeddable":true,"href":"https:\/\/pinews.com.br\/index.php\/wp-json\/wp\/v2\/categories?post=31890"},{"taxonomy":"post_tag","embeddable":true,"href":"https:\/\/pinews.com.br\/index.php\/wp-json\/wp\/v2\/tags?post=31890"}],"curies":[{"name":"wp","href":"https:\/\/api.w.org\/{rel}","templated":true}]}}