{"id":31897,"date":"2022-03-18T19:47:42","date_gmt":"2022-03-18T22:47:42","guid":{"rendered":"https:\/\/pinews.com.br\/?p=31897"},"modified":"2022-03-18T19:47:42","modified_gmt":"2022-03-18T22:47:42","slug":"video-mostra-troca-de-tiros-entre-membros-de-faccoes-criminosas-no-piaui","status":"publish","type":"post","link":"https:\/\/pinews.com.br\/index.php\/2022\/03\/18\/video-mostra-troca-de-tiros-entre-membros-de-faccoes-criminosas-no-piaui\/","title":{"rendered":"V\u00eddeo mostra troca de tiros entre membros de fac\u00e7\u00f5es criminosas no Piau\u00ed"},"content":{"rendered":"\n<p>Um v\u00eddeo que est\u00e1 circulando nas redes sociais mostra uma troca de tiros entre supostos membros de fac\u00e7\u00f5es criminosas na noite de quinta-feira (17) em uma rua localizada no Parque Vit\u00f3ria, na regi\u00e3o do bairro Santo Ant\u00f4nio, na zona Sul de Teresina.<\/p>\n\n\n\n<p>No v\u00eddeo \u00e9 poss\u00edvel ver um homem usando uma pistola e fazendo v\u00e1rios disparos de arma de fogo. Na ocasi\u00e3o, uma outra pessoa pede para o suspeito esperar os disparos do grupo rival.<\/p>\n\n\n\n<p>De acordo com a Pol\u00edcia Militar, ainda na noite de quinta-feira, receberam v\u00e1rias liga\u00e7\u00f5es e mensagens informando sobre o tiroteio. N\u00e3o h\u00e1 informa\u00e7\u00f5es de quem foi o respons\u00e1vel pelos disparos.<\/p>\n\n\n\n<p>\u201cSe a gente prestar aten\u00e7\u00e3o no v\u00eddeo, s\u00e3o tiros a esmo, n\u00e3o se tem um alvo espec\u00edfico, se v\u00ea na pr\u00f3pria linguagem que \u00e9 usada l\u00e1, \u00e9 uma demonstra\u00e7\u00e3o de for\u00e7a, ent\u00e3o a gente acredita que \u00e9 uma quest\u00e3o de briga por territ\u00f3rio, n\u00e3o se sabe se \u00e9 por fac\u00e7\u00f5es criminosas ou por traficantes de drogas\u201d, afirmou o capit\u00e3o Sousa Lima, da 2\u00aa Companhia Independente do Promorar.<\/p>\n\n\n\n<p>A situa\u00e7\u00e3o tem deixado os moradores preocupados, que devido a inseguran\u00e7a, ficam com medo at\u00e9 mesmo de relatar para a pol\u00edcia o que est\u00e1 acontecendo. \u201cForam muitos tiros, mais de vinte. \u00c9 meio dia ou de noite, o neg\u00f3cio agora est\u00e1 s\u00e9rio\u201d, lamentou uma moradora que preferiu n\u00e3o se identificar.<\/p>\n\n\n\n<p>A Pol\u00edcia Militar tamb\u00e9m teve acesso a fotos que mostram armas e muni\u00e7\u00f5es que estariam em posse de criminosos da regi\u00e3o. Uma investiga\u00e7\u00e3o est\u00e1 sendo realizada para apontar os suspeitos.<\/p>\n\n\n\n<figure class=\"wp-block-embed-youtube wp-block-embed is-type-video is-provider-youtube wp-embed-aspect-16-9 wp-has-aspect-ratio\"><div class=\"wp-block-embed__wrapper\">\n<iframe loading=\"lazy\" title=\"Troca de tiros aterroriza moradores do Parque Vit\u00f3ria\" width=\"1170\" height=\"658\" src=\"https:\/\/www.youtube.com\/embed\/7PeBlweajHc?feature=oembed\" frameborder=\"0\" allow=\"accelerometer; autoplay; clipboard-write; encrypted-media; gyroscope; picture-in-picture; web-share\" allowfullscreen><\/iframe>\n<\/div><\/figure>\n\n\n\n<p><strong>Fonte: B\u00e1rbara Rodrigues e Tiago Melo\/ Cidade Verde<\/strong><\/p>\n","protected":false},"excerpt":{"rendered":"<p>Um v\u00eddeo que est\u00e1 circulando nas redes sociais mostra uma troca de tiros entre supostos membros de fac\u00e7\u00f5es criminosas na noite de quinta-feira (17) em uma rua localizada no Parque Vit\u00f3ria, na regi\u00e3o do bairro Santo Ant\u00f4nio, na zona Sul de Teresina. No v\u00eddeo \u00e9 poss\u00edvel ver um homem usando uma pistola e fazendo v\u00e1rios [&hellip;]<\/p>\n","protected":false},"author":1,"featured_media":31898,"comment_status":"open","ping_status":"open","sticky":false,"template":"","format":"standard","meta":{"beyondwords_generate_audio":"","beyondwords_project_id":"","beyondwords_podcast_id":"","beyondwords_hash":"","beyondwords_error_message":"","beyondwords_disabled":"","publish_post_to_speechkit":"","speechkit_generate_audio":"","speechkit_project_id":"","speechkit_podcast_id":"","speechkit_hash":"","speechkit_error_message":"","speechkit_disabled":"","speechkit_access_key":"","speechkit_error":"","speechkit_info":"","speechkit_response":"","speechkit_retries":"","_speechkit_link":"","_speechkit_text":""},"categories":[51,78,81],"tags":[7867,44,178,7868,10008,65,52,165,1163,67],"jetpack_featured_media_url":"","_links":{"self":[{"href":"https:\/\/pinews.com.br\/index.php\/wp-json\/wp\/v2\/posts\/31897"}],"collection":[{"href":"https:\/\/pinews.com.br\/index.php\/wp-json\/wp\/v2\/posts"}],"about":[{"href":"https:\/\/pinews.com.br\/index.php\/wp-json\/wp\/v2\/types\/post"}],"author":[{"embeddable":true,"href":"https:\/\/pinews.com.br\/index.php\/wp-json\/wp\/v2\/users\/1"}],"replies":[{"embeddable":true,"href":"https:\/\/pinews.com.br\/index.php\/wp-json\/wp\/v2\/comments?post=31897"}],"version-history":[{"count":0,"href":"https:\/\/pinews.com.br\/index.php\/wp-json\/wp\/v2\/posts\/31897\/revisions"}],"wp:featuredmedia":[{"embeddable":true,"href":"https:\/\/pinews.com.br\/index.php\/wp-json\/"}],"wp:attachment":[{"href":"https:\/\/pinews.com.br\/index.php\/wp-json\/wp\/v2\/media?parent=31897"}],"wp:term":[{"taxonomy":"category","embeddable":true,"href":"https:\/\/pinews.com.br\/index.php\/wp-json\/wp\/v2\/categories?post=31897"},{"taxonomy":"post_tag","embeddable":true,"href":"https:\/\/pinews.com.br\/index.php\/wp-json\/wp\/v2\/tags?post=31897"}],"curies":[{"name":"wp","href":"https:\/\/api.w.org\/{rel}","templated":true}]}}