{"id":31917,"date":"2022-03-19T11:05:19","date_gmt":"2022-03-19T14:05:19","guid":{"rendered":"https:\/\/pinews.com.br\/?p=31917"},"modified":"2022-03-19T11:05:19","modified_gmt":"2022-03-19T14:05:19","slug":"mae-denuncia-companheiro-apos-flagrar-filhas-sendo-abusadas-no-piaui","status":"publish","type":"post","link":"https:\/\/pinews.com.br\/index.php\/2022\/03\/19\/mae-denuncia-companheiro-apos-flagrar-filhas-sendo-abusadas-no-piaui\/","title":{"rendered":"M\u00e3e denuncia companheiro ap\u00f3s flagrar filhas sendo abusadas no Piau\u00ed"},"content":{"rendered":"\n<p>Uma mulher, de nome n\u00e3o revelado, denunciou nesta sexta-feira (18) o companheiro de abusar sexualmente das duas filhas, de 10 e 14 anos, que s\u00e3o enteadas do suspeito. O caso foi registrado na Delegacia de Prote\u00e7\u00e3o a Crian\u00e7a e ao Adolescente (DPCA).<\/p>\n\n\n\n<p>De acordo com a delegada Luciv\u00e2nia Vidal, titular da DPCA, a m\u00e3e revelou que flagrou o companheiro abusando das suas filhas na semana passada, na Zona Norte de Teresina.<\/p>\n\n\n\n<blockquote class=\"wp-block-quote\"><p>&#8220;Ela presenciou o fato h\u00e1 uma semana. Geralmente, na maioria dos casos, a m\u00e3e sabe ou desconfia, e nesse caso n\u00e3o. Geralmente as crian\u00e7as acabam denunciando para um professora, tia ou at\u00e9 a m\u00e3e. Mas nesse caso a m\u00e3e foi pega de surpresa quando viu o abuso acontecendo, de acordo com o que ela registrou no boletim&#8221;, explicou a delegada.<\/p><\/blockquote>\n\n\n\n<p>A delegada informou que os depoimentos ser\u00e3o colhidos na pr\u00f3xima semana. Segundo ela, os abusos n\u00e3o foram isolados ou recentes, h\u00e1 possibilidade de que o crime j\u00e1 viesse ocorrendo h\u00e1 algum tempo.<\/p>\n\n\n\n<p>A Pol\u00edcia Civil solicitou exames periciais nas menores de idade. Ainda n\u00e3o foi solicitada a pris\u00e3o do suspeito.<\/p>\n\n\n\n<p><strong>Fonte: G1 PI<\/strong><\/p>\n","protected":false},"excerpt":{"rendered":"<p>Uma mulher, de nome n\u00e3o revelado, denunciou nesta sexta-feira (18) o companheiro de abusar sexualmente das duas filhas, de 10 e 14 anos, que s\u00e3o enteadas do suspeito. O caso foi registrado na Delegacia de Prote\u00e7\u00e3o a Crian\u00e7a e ao Adolescente (DPCA). De acordo com a delegada Luciv\u00e2nia Vidal, titular da DPCA, a m\u00e3e revelou [&hellip;]<\/p>\n","protected":false},"author":1,"featured_media":31918,"comment_status":"open","ping_status":"open","sticky":false,"template":"","format":"standard","meta":{"beyondwords_generate_audio":"","beyondwords_project_id":"","beyondwords_podcast_id":"","beyondwords_hash":"","beyondwords_error_message":"","beyondwords_disabled":"","publish_post_to_speechkit":"","speechkit_generate_audio":"","speechkit_project_id":"","speechkit_podcast_id":"","speechkit_hash":"","speechkit_error_message":"","speechkit_disabled":"","speechkit_access_key":"","speechkit_error":"","speechkit_info":"","speechkit_response":"","speechkit_retries":"","_speechkit_link":"","_speechkit_text":""},"categories":[51,78,81],"tags":[10009,70,477,629,1618,9785,117,52,66],"jetpack_featured_media_url":"","_links":{"self":[{"href":"https:\/\/pinews.com.br\/index.php\/wp-json\/wp\/v2\/posts\/31917"}],"collection":[{"href":"https:\/\/pinews.com.br\/index.php\/wp-json\/wp\/v2\/posts"}],"about":[{"href":"https:\/\/pinews.com.br\/index.php\/wp-json\/wp\/v2\/types\/post"}],"author":[{"embeddable":true,"href":"https:\/\/pinews.com.br\/index.php\/wp-json\/wp\/v2\/users\/1"}],"replies":[{"embeddable":true,"href":"https:\/\/pinews.com.br\/index.php\/wp-json\/wp\/v2\/comments?post=31917"}],"version-history":[{"count":0,"href":"https:\/\/pinews.com.br\/index.php\/wp-json\/wp\/v2\/posts\/31917\/revisions"}],"wp:featuredmedia":[{"embeddable":true,"href":"https:\/\/pinews.com.br\/index.php\/wp-json\/"}],"wp:attachment":[{"href":"https:\/\/pinews.com.br\/index.php\/wp-json\/wp\/v2\/media?parent=31917"}],"wp:term":[{"taxonomy":"category","embeddable":true,"href":"https:\/\/pinews.com.br\/index.php\/wp-json\/wp\/v2\/categories?post=31917"},{"taxonomy":"post_tag","embeddable":true,"href":"https:\/\/pinews.com.br\/index.php\/wp-json\/wp\/v2\/tags?post=31917"}],"curies":[{"name":"wp","href":"https:\/\/api.w.org\/{rel}","templated":true}]}}