{"id":31923,"date":"2022-03-19T11:12:18","date_gmt":"2022-03-19T14:12:18","guid":{"rendered":"https:\/\/pinews.com.br\/?p=31923"},"modified":"2022-03-19T11:12:18","modified_gmt":"2022-03-19T14:12:18","slug":"bandidos-chamam-jovem-e-o-matam-a-tiros-na-porta-de-casa-no-piaui","status":"publish","type":"post","link":"https:\/\/pinews.com.br\/index.php\/2022\/03\/19\/bandidos-chamam-jovem-e-o-matam-a-tiros-na-porta-de-casa-no-piaui\/","title":{"rendered":"Bandidos chamam jovem e o matam a tiros na porta de casa no Piau\u00ed"},"content":{"rendered":"\n<p>Um jovem de 21 anos, conhecido como Vin\u00edcius Mendes Paulo de Moraes,&nbsp;foi executado na rua David Aguiar, pr\u00f3ximo ao mercado municipal do conjunto S\u00e3o Joaquim, na Zona Norte de Teresina. O crime aconteceu por volta das 21h45 desta sexta-feira (18\/03).<\/p>\n\n\n\n<p>Informa\u00e7\u00f5es preliminares apontam que dois atiradores chegaram \u00e0 resid\u00eancia do rapaz e o chamaram, momento em que os disparos foram efetuados. A v\u00edtima ainda tentou fugir correndo, por\u00e9m n\u00e3o conseguiu.<\/p>\n\n\n\n<p><br>Em entrevista \u00e0 equipe&nbsp;RP50, o perito Dirceu Castelo Branco explicou que os suspeitos usaram uma de ca\u00e7a para matar Vin\u00edcius e que foi efetuado um \u00fanico disparo, que o atingiu na axila na esquerda, transfixou e atingiu o t\u00f3rax.<\/p>\n\n\n\n<p>O local j\u00e1 foi isolado por guarni\u00e7\u00f5es do 9\u00ba Batalh\u00e3o de Pol\u00edcia Militar. A equipe da Pol\u00edcia T\u00e9cnico Cient\u00edfica far\u00e1 a per\u00edcia na cena do crime, para identificar quantas balas atingiram o corpo, calibre da arma usada, entre outros detalhes. <\/p>\n\n\n\n<p>Os removedores do Instituto M\u00e9dico Legal foram acionados para recolher o corpo. Mais este caso na capital ser\u00e1 investigado pelo Departamento de Homic\u00eddio e Prote\u00e7\u00e3o \u00e0 Pessoa (DHPP).<\/p>\n\n\n\n<p><strong>Fonte: 180 graus<\/strong><\/p>\n","protected":false},"excerpt":{"rendered":"<p>Um jovem de 21 anos, conhecido como Vin\u00edcius Mendes Paulo de Moraes,&nbsp;foi executado na rua David Aguiar, pr\u00f3ximo ao mercado municipal do conjunto S\u00e3o Joaquim, na Zona Norte de Teresina. O crime aconteceu por volta das 21h45 desta sexta-feira (18\/03). Informa\u00e7\u00f5es preliminares apontam que dois atiradores chegaram \u00e0 resid\u00eancia do rapaz e o chamaram, momento [&hellip;]<\/p>\n","protected":false},"author":1,"featured_media":31924,"comment_status":"open","ping_status":"open","sticky":false,"template":"","format":"standard","meta":{"beyondwords_generate_audio":"","beyondwords_project_id":"","beyondwords_podcast_id":"","beyondwords_hash":"","beyondwords_error_message":"","beyondwords_disabled":"","publish_post_to_speechkit":"","speechkit_generate_audio":"","speechkit_project_id":"","speechkit_podcast_id":"","speechkit_hash":"","speechkit_error_message":"","speechkit_disabled":"","speechkit_access_key":"","speechkit_error":"","speechkit_info":"","speechkit_response":"","speechkit_retries":"","_speechkit_link":"","_speechkit_text":""},"categories":[51,78,81],"tags":[855,149,10011,44,266,488,91,52,1793,165],"jetpack_featured_media_url":"","_links":{"self":[{"href":"https:\/\/pinews.com.br\/index.php\/wp-json\/wp\/v2\/posts\/31923"}],"collection":[{"href":"https:\/\/pinews.com.br\/index.php\/wp-json\/wp\/v2\/posts"}],"about":[{"href":"https:\/\/pinews.com.br\/index.php\/wp-json\/wp\/v2\/types\/post"}],"author":[{"embeddable":true,"href":"https:\/\/pinews.com.br\/index.php\/wp-json\/wp\/v2\/users\/1"}],"replies":[{"embeddable":true,"href":"https:\/\/pinews.com.br\/index.php\/wp-json\/wp\/v2\/comments?post=31923"}],"version-history":[{"count":0,"href":"https:\/\/pinews.com.br\/index.php\/wp-json\/wp\/v2\/posts\/31923\/revisions"}],"wp:featuredmedia":[{"embeddable":true,"href":"https:\/\/pinews.com.br\/index.php\/wp-json\/"}],"wp:attachment":[{"href":"https:\/\/pinews.com.br\/index.php\/wp-json\/wp\/v2\/media?parent=31923"}],"wp:term":[{"taxonomy":"category","embeddable":true,"href":"https:\/\/pinews.com.br\/index.php\/wp-json\/wp\/v2\/categories?post=31923"},{"taxonomy":"post_tag","embeddable":true,"href":"https:\/\/pinews.com.br\/index.php\/wp-json\/wp\/v2\/tags?post=31923"}],"curies":[{"name":"wp","href":"https:\/\/api.w.org\/{rel}","templated":true}]}}