{"id":32032,"date":"2022-03-23T11:31:58","date_gmt":"2022-03-23T14:31:58","guid":{"rendered":"https:\/\/pinews.com.br\/?p=32032"},"modified":"2022-03-23T11:31:58","modified_gmt":"2022-03-23T14:31:58","slug":"doze-planos-de-saude-tem-comercializacao-suspensa-a-partir-de-hoje","status":"publish","type":"post","link":"https:\/\/pinews.com.br\/index.php\/2022\/03\/23\/doze-planos-de-saude-tem-comercializacao-suspensa-a-partir-de-hoje\/","title":{"rendered":"Doze planos de sa\u00fade t\u00eam comercializa\u00e7\u00e3o suspensa a partir de hoje"},"content":{"rendered":"\n<p>Doze planos de sa\u00fade, administrados por seis operadoras, t\u00eam sua comercializa\u00e7\u00e3o suspensa a partir de&nbsp;hoje&nbsp;(22). A decis\u00e3o foi tomada pela Ag\u00eancia Nacional de Sa\u00fade Suplementar (ANS) no \u00faltimo dia 16, devido a reclama\u00e7\u00f5es relacionadas \u00e0 cobertura assistencial&nbsp;no \u00faltimo trimestre do ano passado.<\/p>\n\n\n\n<p>Os planos atendem, juntos, a 83.286 benefici\u00e1rios, de acordo com a ANS, e s\u00f3 poder\u00e3o ser vendidos a novos clientes caso apresentem melhora no resultado do monitoramento trimestral da ag\u00eancia.<\/p>\n\n\n\n<p>Onze planos de sa\u00fade, administrados por quatro operadoras, suspensos anteriormente, conseguiram apresentar essa melhora e tiveram libera\u00e7\u00e3o para voltar a ser comercializados&nbsp;hoje.<\/p>\n\n\n\n<p>No <a rel=\"noreferrer noopener\" href=\"https:\/\/www.gov.br\/ans\/pt-br\" target=\"_blank\"><em>site<\/em> da ANS<\/a>, \u00e9 poss\u00edvel conferir as listas dos planos com <a rel=\"noreferrer noopener\" href=\"https:\/\/www.gov.br\/ans\/pt-br\/assuntos\/informacoes-e-avaliacoes-de-operadoras\/monitoramento-de-garantia-de-atendimento\/planos-com-comercializacao-suspensa-4o-trim-2021\" target=\"_blank\">comercializa\u00e7\u00e3o suspensa<\/a> e daqueles com a <a rel=\"noreferrer noopener\" href=\"https:\/\/www.gov.br\/ans\/pt-br\/assuntos\/informacoes-e-avaliacoes-de-operadoras\/monitoramento-de-garantia-de-atendimento\/planos-reativados-4o-trim-2021\" target=\"_blank\">venda liberada<\/a>.<\/p>\n\n\n\n<p><strong>Fonte: Ag\u00eancia Brasil<\/strong><\/p>\n","protected":false},"excerpt":{"rendered":"<p>Doze planos de sa\u00fade, administrados por seis operadoras, t\u00eam sua comercializa\u00e7\u00e3o suspensa a partir de&nbsp;hoje&nbsp;(22). A decis\u00e3o foi tomada pela Ag\u00eancia Nacional de Sa\u00fade Suplementar (ANS) no \u00faltimo dia 16, devido a reclama\u00e7\u00f5es relacionadas \u00e0 cobertura assistencial&nbsp;no \u00faltimo trimestre do ano passado. Os planos atendem, juntos, a 83.286 benefici\u00e1rios, de acordo com a ANS, e [&hellip;]<\/p>\n","protected":false},"author":1,"featured_media":32033,"comment_status":"open","ping_status":"open","sticky":false,"template":"","format":"standard","meta":{"beyondwords_generate_audio":"","beyondwords_project_id":"","beyondwords_podcast_id":"","beyondwords_hash":"","beyondwords_error_message":"","beyondwords_disabled":"","publish_post_to_speechkit":"","speechkit_generate_audio":"","speechkit_project_id":"","speechkit_podcast_id":"","speechkit_hash":"","speechkit_error_message":"","speechkit_disabled":"","speechkit_access_key":"","speechkit_error":"","speechkit_info":"","speechkit_response":"","speechkit_retries":"","_speechkit_link":"","_speechkit_text":""},"categories":[134],"tags":[8274,44,8667,1379,5303,3074,891,5766,60],"jetpack_featured_media_url":"","_links":{"self":[{"href":"https:\/\/pinews.com.br\/index.php\/wp-json\/wp\/v2\/posts\/32032"}],"collection":[{"href":"https:\/\/pinews.com.br\/index.php\/wp-json\/wp\/v2\/posts"}],"about":[{"href":"https:\/\/pinews.com.br\/index.php\/wp-json\/wp\/v2\/types\/post"}],"author":[{"embeddable":true,"href":"https:\/\/pinews.com.br\/index.php\/wp-json\/wp\/v2\/users\/1"}],"replies":[{"embeddable":true,"href":"https:\/\/pinews.com.br\/index.php\/wp-json\/wp\/v2\/comments?post=32032"}],"version-history":[{"count":0,"href":"https:\/\/pinews.com.br\/index.php\/wp-json\/wp\/v2\/posts\/32032\/revisions"}],"wp:featuredmedia":[{"embeddable":true,"href":"https:\/\/pinews.com.br\/index.php\/wp-json\/"}],"wp:attachment":[{"href":"https:\/\/pinews.com.br\/index.php\/wp-json\/wp\/v2\/media?parent=32032"}],"wp:term":[{"taxonomy":"category","embeddable":true,"href":"https:\/\/pinews.com.br\/index.php\/wp-json\/wp\/v2\/categories?post=32032"},{"taxonomy":"post_tag","embeddable":true,"href":"https:\/\/pinews.com.br\/index.php\/wp-json\/wp\/v2\/tags?post=32032"}],"curies":[{"name":"wp","href":"https:\/\/api.w.org\/{rel}","templated":true}]}}