{"id":32075,"date":"2022-03-24T11:35:22","date_gmt":"2022-03-24T14:35:22","guid":{"rendered":"https:\/\/pinews.com.br\/?p=32075"},"modified":"2022-03-24T11:35:22","modified_gmt":"2022-03-24T14:35:22","slug":"carreta-sai-da-pista-e-tomba-apos-colisao-na-br-135-no-piaui-2","status":"publish","type":"post","link":"https:\/\/pinews.com.br\/index.php\/2022\/03\/24\/carreta-sai-da-pista-e-tomba-apos-colisao-na-br-135-no-piaui-2\/","title":{"rendered":"Carreta sai da pista e tomba ap\u00f3s colis\u00e3o na BR-135 no Piau\u00ed"},"content":{"rendered":"\n<p>Uma carreta bitrem tombou durante uma colis\u00e3o com um caminh\u00e3o ba\u00fa nessa quarta-feira (23), na BR-135, no munic\u00edpio de Cristal\u00e2ndia, distante 900 quil\u00f4metros de Teresina.<\/p>\n\n\n\n<p>Segundo informa\u00e7\u00f5es da Pol\u00edcia Rodovi\u00e1ria Federal (PRF), na carreta estava o condutor e uma passageira que sofreram apenas les\u00f5es leves. J\u00e1 o motorista do caminh\u00e3o se evadiu do local.<\/p>\n\n\n\n<p>Sobre a din\u00e2mica do acidente, a PRF informou que a princ\u00edpio foi constatado que a carreta tentou ultrapassar o caminh\u00e3o quando foi atingida lateralmente pelo ve\u00edculo no momento da ultrapassagem.<\/p>\n\n\n\n<p>Com o impacto da batida, a carreta saiu da pista e tombou fora da rodovia. O condutor do caminh\u00e3o ba\u00fa fugiu do local ap\u00f3s o acidente. A PRF acrescentou ainda que a causa da batida teria sido buracos na rodovia ou falta de aten\u00e7\u00e3o do motorista que se evadiu.<\/p>\n\n\n\n<p>As v\u00edtimas foram socorridas pelo Servi\u00e7o de Atendimento M\u00f3vel de Urg\u00eancia (SAMU) e encaminhadas ao hospital local.<\/p>\n\n\n\n<p><strong>Fonte: Rebeca Lima\/ Cidade Verde\/ Com informa\u00e7\u00f5es da PRF<\/strong><\/p>\n","protected":false},"excerpt":{"rendered":"<p>Uma carreta bitrem tombou durante uma colis\u00e3o com um caminh\u00e3o ba\u00fa nessa quarta-feira (23), na BR-135, no munic\u00edpio de Cristal\u00e2ndia, distante 900 quil\u00f4metros de Teresina. Segundo informa\u00e7\u00f5es da Pol\u00edcia Rodovi\u00e1ria Federal (PRF), na carreta estava o condutor e uma passageira que sofreram apenas les\u00f5es leves. J\u00e1 o motorista do caminh\u00e3o se evadiu do local. Sobre [&hellip;]<\/p>\n","protected":false},"author":1,"featured_media":32073,"comment_status":"open","ping_status":"open","sticky":false,"template":"","format":"standard","meta":{"beyondwords_generate_audio":"","beyondwords_project_id":"","beyondwords_podcast_id":"","beyondwords_hash":"","beyondwords_error_message":"","beyondwords_disabled":"","publish_post_to_speechkit":"","speechkit_generate_audio":"","speechkit_project_id":"","speechkit_podcast_id":"","speechkit_hash":"","speechkit_error_message":"","speechkit_disabled":"","speechkit_access_key":"","speechkit_error":"","speechkit_info":"","speechkit_response":"","speechkit_retries":"","_speechkit_link":"","_speechkit_text":""},"categories":[51],"tags":[70,224,448,256,122,91,52,228,969,417],"jetpack_featured_media_url":"","_links":{"self":[{"href":"https:\/\/pinews.com.br\/index.php\/wp-json\/wp\/v2\/posts\/32075"}],"collection":[{"href":"https:\/\/pinews.com.br\/index.php\/wp-json\/wp\/v2\/posts"}],"about":[{"href":"https:\/\/pinews.com.br\/index.php\/wp-json\/wp\/v2\/types\/post"}],"author":[{"embeddable":true,"href":"https:\/\/pinews.com.br\/index.php\/wp-json\/wp\/v2\/users\/1"}],"replies":[{"embeddable":true,"href":"https:\/\/pinews.com.br\/index.php\/wp-json\/wp\/v2\/comments?post=32075"}],"version-history":[{"count":0,"href":"https:\/\/pinews.com.br\/index.php\/wp-json\/wp\/v2\/posts\/32075\/revisions"}],"wp:featuredmedia":[{"embeddable":true,"href":"https:\/\/pinews.com.br\/index.php\/wp-json\/"}],"wp:attachment":[{"href":"https:\/\/pinews.com.br\/index.php\/wp-json\/wp\/v2\/media?parent=32075"}],"wp:term":[{"taxonomy":"category","embeddable":true,"href":"https:\/\/pinews.com.br\/index.php\/wp-json\/wp\/v2\/categories?post=32075"},{"taxonomy":"post_tag","embeddable":true,"href":"https:\/\/pinews.com.br\/index.php\/wp-json\/wp\/v2\/tags?post=32075"}],"curies":[{"name":"wp","href":"https:\/\/api.w.org\/{rel}","templated":true}]}}