{"id":32096,"date":"2022-03-25T11:27:41","date_gmt":"2022-03-25T14:27:41","guid":{"rendered":"https:\/\/pinews.com.br\/?p=32096"},"modified":"2022-03-25T11:27:41","modified_gmt":"2022-03-25T14:27:41","slug":"coe-decide-liberar-uso-de-mascaras-em-ambientes-abertos-e-semiabertos-no-piaui","status":"publish","type":"post","link":"https:\/\/pinews.com.br\/index.php\/2022\/03\/25\/coe-decide-liberar-uso-de-mascaras-em-ambientes-abertos-e-semiabertos-no-piaui\/","title":{"rendered":"COE decide liberar uso de m\u00e1scaras em ambientes abertos e semiabertos no Piau\u00ed"},"content":{"rendered":"\n<p>O Comit\u00ea de Opera\u00e7\u00f5es Emergenciais (COE) do governo do Estado acaba de aprovar a libera\u00e7\u00e3o do uso de m\u00e1scaras em ambientes abertos e semiabertos, em todo o estado do Piau\u00ed. A flexibiliza\u00e7\u00e3o foi aprovada por unanimidade.&nbsp;<\/p>\n\n\n\n<p>Na reuni\u00e3o desta sexta-feira (25), os membros do COE decidiram manter a obrigatoriedade do item de prote\u00e7\u00e3o em ambientes fechados e para as pessoas imunossuprimidas.<\/p>\n\n\n\n<p>O governador Wellington Dias (PT) vai acatar a decis\u00e3o dos membros do COE e deve baixar um decreto nas pr\u00f3ximas horas regulamentando a libera\u00e7\u00e3o da m\u00e1scara.&nbsp;<\/p>\n\n\n\n<p>A decis\u00e3o pela libera\u00e7\u00e3o do uso de m\u00e1scaras em ambientes abertos e semiabertos foi tomada ap\u00f3s an\u00e1lise criteriosa dos dados da pandemia, que apresentaram o Piau\u00ed com \u00edndices favor\u00e1veis. \u201cNunca estivemos em uma situa\u00e7\u00e3o t\u00e3o favor\u00e1vel, nesses dois anos de pandemia. Estamos em um momento privilegiados em compara\u00e7\u00e3o aos demais estados do Nordeste. Todos os indicadores est\u00e3o em uma fase verde, como nos apresentou o Dr. Jos\u00e9 Noronha. Hoje nesta \u00faltima reuni\u00e3o, junto do COE, estou muito lisonjeado e contente com nossa popula\u00e7\u00e3o, que nos ajudou tamb\u00e9m, seguindo as medidas dos decretos e tomando \u00e0 vacinas, e esses n\u00fameros s\u00e3o um reflexo\u201d, disse o secret\u00e1rio de Sa\u00fade, Florentino Neto.<\/p>\n\n\n\n<figure class=\"wp-block-embed-youtube wp-block-embed is-type-video is-provider-youtube wp-embed-aspect-16-9 wp-has-aspect-ratio\"><div class=\"wp-block-embed__wrapper\">\n<iframe loading=\"lazy\" title=\"COE decide liberar uso de ma\u0301scaras em ambientes abertos e semiabertos no Piaui\u0301\" width=\"1170\" height=\"658\" src=\"https:\/\/www.youtube.com\/embed\/I6rOaBJgEog?feature=oembed\" frameborder=\"0\" allow=\"accelerometer; autoplay; clipboard-write; encrypted-media; gyroscope; picture-in-picture; web-share\" allowfullscreen><\/iframe>\n<\/div><\/figure>\n\n\n\n<p>Outra novidade \u00e9 a libera\u00e7\u00e3o de eventos com at\u00e9 80% da capacidade de p\u00fablico em ambientes fechados, e a libera\u00e7\u00e3o de at\u00e9 100% do p\u00fablico em locais abertos.&nbsp;<\/p>\n\n\n\n<p>O COE mant\u00e9m a exig\u00eancia do passaporte de vacina\u00e7\u00e3o e da terceira dose.&nbsp;<\/p>\n\n\n\n<p>Al\u00e9m do secret\u00e1rio de Sa\u00fade, Florentino Neto, participam da reuni\u00e3o na manh\u00e3 desta sexta-feira a coordenadora da Vigil\u00e2ncia Sanit\u00e1ria Estadual, Tatiana Chaves, a vice-presidente do Conselho dos Secret\u00e1rios Municipais de Sa\u00fade, Leopoldina Cipriano, e os m\u00e9dicos Alderico Tavares e Jos\u00e9 Noronha. <\/p>\n\n\n\n<p>Ainda na reuni\u00e3o da manh\u00e3 de hoje, o Comit\u00ea de Opera\u00e7\u00f5es Emergenciais&nbsp;aprovou a quarta dose da vacina\u00e7\u00e3o para idosos acima de 60 anos, imunossuprimufos e profissionais de sa\u00fade.<\/p>\n\n\n\n<p>A reuni\u00e3o desta sexta-feira \u00e9 a \u00faltima de Florentino Neto \u00e0 frente da Secretaria de Estado da Sa\u00fade (Sesapi).&nbsp; Ele se afasta do cargo no pr\u00f3ximo dia 31 de mar\u00e7o, para concorrer ao cargo de deputado federal, pelo Partido dos Trabalhadores.&nbsp;<\/p>\n\n\n\n<p><br><strong>Fonte: Flash Yala Sena\/ Cidade Verde<\/strong><\/p>\n","protected":false},"excerpt":{"rendered":"<p>O Comit\u00ea de Opera\u00e7\u00f5es Emergenciais (COE) do governo do Estado acaba de aprovar a libera\u00e7\u00e3o do uso de m\u00e1scaras em ambientes abertos e semiabertos, em todo o estado do Piau\u00ed. A flexibiliza\u00e7\u00e3o foi aprovada por unanimidade.&nbsp; Na reuni\u00e3o desta sexta-feira (25), os membros do COE decidiram manter a obrigatoriedade do item de prote\u00e7\u00e3o em ambientes [&hellip;]<\/p>\n","protected":false},"author":1,"featured_media":32097,"comment_status":"open","ping_status":"open","sticky":false,"template":"","format":"standard","meta":{"beyondwords_generate_audio":"","beyondwords_project_id":"","beyondwords_podcast_id":"","beyondwords_hash":"","beyondwords_error_message":"","beyondwords_disabled":"","publish_post_to_speechkit":"","speechkit_generate_audio":"","speechkit_project_id":"","speechkit_podcast_id":"","speechkit_hash":"","speechkit_error_message":"","speechkit_disabled":"","speechkit_access_key":"","speechkit_error":"","speechkit_info":"","speechkit_response":"","speechkit_retries":"","_speechkit_link":"","_speechkit_text":""},"categories":[51],"tags":[10027,9556,5069,44,5685,46,2334,2961,52,10028,5668],"jetpack_featured_media_url":"","_links":{"self":[{"href":"https:\/\/pinews.com.br\/index.php\/wp-json\/wp\/v2\/posts\/32096"}],"collection":[{"href":"https:\/\/pinews.com.br\/index.php\/wp-json\/wp\/v2\/posts"}],"about":[{"href":"https:\/\/pinews.com.br\/index.php\/wp-json\/wp\/v2\/types\/post"}],"author":[{"embeddable":true,"href":"https:\/\/pinews.com.br\/index.php\/wp-json\/wp\/v2\/users\/1"}],"replies":[{"embeddable":true,"href":"https:\/\/pinews.com.br\/index.php\/wp-json\/wp\/v2\/comments?post=32096"}],"version-history":[{"count":0,"href":"https:\/\/pinews.com.br\/index.php\/wp-json\/wp\/v2\/posts\/32096\/revisions"}],"wp:featuredmedia":[{"embeddable":true,"href":"https:\/\/pinews.com.br\/index.php\/wp-json\/"}],"wp:attachment":[{"href":"https:\/\/pinews.com.br\/index.php\/wp-json\/wp\/v2\/media?parent=32096"}],"wp:term":[{"taxonomy":"category","embeddable":true,"href":"https:\/\/pinews.com.br\/index.php\/wp-json\/wp\/v2\/categories?post=32096"},{"taxonomy":"post_tag","embeddable":true,"href":"https:\/\/pinews.com.br\/index.php\/wp-json\/wp\/v2\/tags?post=32096"}],"curies":[{"name":"wp","href":"https:\/\/api.w.org\/{rel}","templated":true}]}}