{"id":32112,"date":"2022-03-25T17:23:53","date_gmt":"2022-03-25T20:23:53","guid":{"rendered":"https:\/\/pinews.com.br\/?p=32112"},"modified":"2022-03-25T17:23:53","modified_gmt":"2022-03-25T20:23:53","slug":"detento-e-encontrado-morto-dentro-de-cela-de-penitenciaria-no-piaui","status":"publish","type":"post","link":"https:\/\/pinews.com.br\/index.php\/2022\/03\/25\/detento-e-encontrado-morto-dentro-de-cela-de-penitenciaria-no-piaui\/","title":{"rendered":"Detento \u00e9 encontrado morto dentro de cela de Penitenci\u00e1ria no Piau\u00ed"},"content":{"rendered":"\n<p>Um detento identificado como Alinaldo da Silva Oliveira foi encontrado morto nesta sexta-feira (25) na Penitenci\u00e1ria Mista Juiz Fontes Ibiapina, localizada no munic\u00edpio de Parna\u00edba, distante 337 km de Teresina.<\/p>\n\n\n\n<p>Alinaldo Oliveira foi encontrado morto dentro da pr\u00f3pria cela com v\u00e1rias escoria\u00e7\u00f5es pelo corpo. No mesmo local haviam outros detentos.<\/p>\n\n\n\n<p>Segundo a Secretaria de Justi\u00e7a, ap\u00f3s o corpo ter sido localizado, uma equipe do Instituto M\u00e9dico Legal (IML) de Parna\u00edba foi acionada e esteve no estabelecimento penal para os procedimentos legais.<\/p>\n\n\n\n<p>Alinaldo tinha v\u00e1rias passagens pela pol\u00edcia, principalmente por tr\u00e1fico de drogas, roubo e furto. A Pol\u00edcia Civil vai ficar respons\u00e1vel pela investiga\u00e7\u00e3o do caso.<\/p>\n\n\n\n<p><strong>Nota da Sejus<\/strong><\/p>\n\n\n\n<blockquote class=\"wp-block-quote\"><p>A Ger\u00eancia da Penitenci\u00e1ria Mista Juiz Fontes Ibiapina, em Parna\u00edba, informa que o preso Alinaldo da Silva Oliveira foi encontrado morto, na manh\u00e3 desta sexta-feira (25), em uma das celas da unidade penal. A equipe do Instituto M\u00e9dico Legal (IML) esteve no estabelecimento penal para os procedimentos legais.<\/p><\/blockquote>\n\n\n\n<p><strong>Fonte: B\u00e1rbara Rodrigues\/ Cidade Verde<\/strong><\/p>\n","protected":false},"excerpt":{"rendered":"<p>Um detento identificado como Alinaldo da Silva Oliveira foi encontrado morto nesta sexta-feira (25) na Penitenci\u00e1ria Mista Juiz Fontes Ibiapina, localizada no munic\u00edpio de Parna\u00edba, distante 337 km de Teresina. Alinaldo Oliveira foi encontrado morto dentro da pr\u00f3pria cela com v\u00e1rias escoria\u00e7\u00f5es pelo corpo. No mesmo local haviam outros detentos. Segundo a Secretaria de Justi\u00e7a, [&hellip;]<\/p>\n","protected":false},"author":1,"featured_media":32113,"comment_status":"open","ping_status":"open","sticky":false,"template":"","format":"standard","meta":{"beyondwords_generate_audio":"","beyondwords_project_id":"","beyondwords_podcast_id":"","beyondwords_hash":"","beyondwords_error_message":"","beyondwords_disabled":"","publish_post_to_speechkit":"","speechkit_generate_audio":"","speechkit_project_id":"","speechkit_podcast_id":"","speechkit_hash":"","speechkit_error_message":"","speechkit_disabled":"","speechkit_access_key":"","speechkit_error":"","speechkit_info":"","speechkit_response":"","speechkit_retries":"","_speechkit_link":"","_speechkit_text":""},"categories":[51,78],"tags":[1671,44,192,857,72,200,197,1417,52],"jetpack_featured_media_url":"","_links":{"self":[{"href":"https:\/\/pinews.com.br\/index.php\/wp-json\/wp\/v2\/posts\/32112"}],"collection":[{"href":"https:\/\/pinews.com.br\/index.php\/wp-json\/wp\/v2\/posts"}],"about":[{"href":"https:\/\/pinews.com.br\/index.php\/wp-json\/wp\/v2\/types\/post"}],"author":[{"embeddable":true,"href":"https:\/\/pinews.com.br\/index.php\/wp-json\/wp\/v2\/users\/1"}],"replies":[{"embeddable":true,"href":"https:\/\/pinews.com.br\/index.php\/wp-json\/wp\/v2\/comments?post=32112"}],"version-history":[{"count":0,"href":"https:\/\/pinews.com.br\/index.php\/wp-json\/wp\/v2\/posts\/32112\/revisions"}],"wp:featuredmedia":[{"embeddable":true,"href":"https:\/\/pinews.com.br\/index.php\/wp-json\/"}],"wp:attachment":[{"href":"https:\/\/pinews.com.br\/index.php\/wp-json\/wp\/v2\/media?parent=32112"}],"wp:term":[{"taxonomy":"category","embeddable":true,"href":"https:\/\/pinews.com.br\/index.php\/wp-json\/wp\/v2\/categories?post=32112"},{"taxonomy":"post_tag","embeddable":true,"href":"https:\/\/pinews.com.br\/index.php\/wp-json\/wp\/v2\/tags?post=32112"}],"curies":[{"name":"wp","href":"https:\/\/api.w.org\/{rel}","templated":true}]}}