{"id":32186,"date":"2019-07-03T11:48:47","date_gmt":"2019-07-03T14:48:47","guid":{"rendered":"https:\/\/pinews.com.br\/?p=163"},"modified":"2019-07-03T11:48:47","modified_gmt":"2019-07-03T14:48:47","slug":"homem-leva-pedrada-na-cabeca-durante-festa-e-morre-tres-dias-depois-em-floriano","status":"publish","type":"post","link":"https:\/\/pinews.com.br\/index.php\/2019\/07\/03\/homem-leva-pedrada-na-cabeca-durante-festa-e-morre-tres-dias-depois-em-floriano\/","title":{"rendered":"Homem leva pedrada na cabe\u00e7a durante festa e morre tr\u00eas dias depois em Floriano"},"content":{"rendered":"\n<p align=\"justify\">Um homem morreu durante a tarde dessa ter\u00e7a-feira (2) no hospital da cidade de Floriano quatro dias depois de ser atingido por uma pedrada na cabe\u00e7a. A v\u00edtima foi identificada apenas como Domingos. A Pol\u00edcia Civil investiga quem teria sido o autor do ferimento, que pode responder por les\u00e3o corporal seguida de morte.<\/p>\n\n\n\n<p align=\"justify\">O coronel Nelson Feitosa, comandante da Pol\u00edcia Militar de Uru\u00e7u\u00ed, contou que tanto a PM quanto a Pol\u00edcia Civil da cidade ficaram sabendo do caso apenas durante a tarde de ter\u00e7a-feira, depois que Domingos j\u00e1 havia falecido.<\/p>\n\n\n\n<p align=\"justify\">Do hospital de Uru\u00e7u\u00ed, Domingos foi encaminhado para o hospital de Floriano, onde permaneceu internado at\u00e9 a \u00faltima ter\u00e7a-feira (2), quando faleceu.<\/p>\n\n\n\n<p align=\"justify\">O delegado Francisco C\u00e9lio contou ao&nbsp;<strong>G1&nbsp;<\/strong>que um parente da v\u00edtima foi at\u00e9 a delegacia no final da tarde de ter\u00e7a-feira (2), ap\u00f3s a morte de Domingos. \u201cEle disse que depois do ferimento a v\u00edtima saiu caminhando, conversando\u201d, comentou o delegado.<\/p>\n\n\n\n<p align=\"justify\">Segundo o delegado, ainda nesta ter\u00e7a-feira (2) a equipe de policiais iniciou a investiga\u00e7\u00e3o para tentar identificar quem seria o autor da pedrada e qual a motiva\u00e7\u00e3o. \u201cPossivelmente foi uma les\u00e3o corporal seguida de morte, tecnicamente falando. Mas isso vai ser apurado durante a investiga\u00e7\u00e3o\u201d, disse.<\/p>\n\n\n\n<p><strong>Fonte: G1 Piau\u00ed<\/strong><\/p>\n","protected":false},"excerpt":{"rendered":"<p>Um homem morreu durante a tarde dessa ter\u00e7a-feira (2) no hospital da cidade de Floriano quatro dias depois de ser atingido por uma pedrada na cabe\u00e7a. A v\u00edtima foi identificada apenas como Domingos. A Pol\u00edcia Civil investiga quem teria sido o autor do ferimento, que pode responder por les\u00e3o corporal seguida de morte. O coronel [&hellip;]<\/p>\n","protected":false},"author":1,"featured_media":164,"comment_status":"open","ping_status":"open","sticky":false,"template":"","format":"standard","meta":{"beyondwords_generate_audio":"","beyondwords_project_id":"","beyondwords_podcast_id":"","beyondwords_hash":"","beyondwords_error_message":"","beyondwords_disabled":"","publish_post_to_speechkit":"","speechkit_generate_audio":"","speechkit_project_id":"","speechkit_podcast_id":"","speechkit_hash":"","speechkit_error_message":"","speechkit_disabled":"","speechkit_access_key":"","speechkit_error":"","speechkit_info":"","speechkit_response":"","speechkit_retries":"","_speechkit_link":"","_speechkit_text":""},"categories":[1184,68,51],"tags":[119,52],"jetpack_featured_media_url":"","_links":{"self":[{"href":"https:\/\/pinews.com.br\/index.php\/wp-json\/wp\/v2\/posts\/32186"}],"collection":[{"href":"https:\/\/pinews.com.br\/index.php\/wp-json\/wp\/v2\/posts"}],"about":[{"href":"https:\/\/pinews.com.br\/index.php\/wp-json\/wp\/v2\/types\/post"}],"author":[{"embeddable":true,"href":"https:\/\/pinews.com.br\/index.php\/wp-json\/wp\/v2\/users\/1"}],"replies":[{"embeddable":true,"href":"https:\/\/pinews.com.br\/index.php\/wp-json\/wp\/v2\/comments?post=32186"}],"version-history":[{"count":0,"href":"https:\/\/pinews.com.br\/index.php\/wp-json\/wp\/v2\/posts\/32186\/revisions"}],"wp:featuredmedia":[{"embeddable":true,"href":"https:\/\/pinews.com.br\/index.php\/wp-json\/"}],"wp:attachment":[{"href":"https:\/\/pinews.com.br\/index.php\/wp-json\/wp\/v2\/media?parent=32186"}],"wp:term":[{"taxonomy":"category","embeddable":true,"href":"https:\/\/pinews.com.br\/index.php\/wp-json\/wp\/v2\/categories?post=32186"},{"taxonomy":"post_tag","embeddable":true,"href":"https:\/\/pinews.com.br\/index.php\/wp-json\/wp\/v2\/tags?post=32186"}],"curies":[{"name":"wp","href":"https:\/\/api.w.org\/{rel}","templated":true}]}}