{"id":32341,"date":"2022-04-02T20:17:31","date_gmt":"2022-04-02T23:17:31","guid":{"rendered":"https:\/\/pinews.com.br\/?p=32341"},"modified":"2022-04-02T20:17:31","modified_gmt":"2022-04-02T23:17:31","slug":"prf-recupera-em-alegrete-do-piaui-motocicleta-clonada-com-registro-de-roubo-em-fortaleza","status":"publish","type":"post","link":"https:\/\/pinews.com.br\/index.php\/2022\/04\/02\/prf-recupera-em-alegrete-do-piaui-motocicleta-clonada-com-registro-de-roubo-em-fortaleza\/","title":{"rendered":"PRF recupera em Alegrete do Piau\u00ed motocicleta clonada com registro de roubo em Fortaleza"},"content":{"rendered":"\n<p>Policiais Rodovi\u00e1rios Federais recuperaram na tarde de ontem (01) uma motocicleta com registro de roubo em Fortaleza-CE. A a\u00e7\u00e3o foi desencadeada na BR 316 na cidade de Alegrete do Piau\u00ed.<\/p>\n\n\n\n<p>No momento da abordagem, o ve\u00edculo era conduzido por um homem de 54 anos. Durante a fiscaliza\u00e7\u00e3o, os policiais observaram que a placa ostentava na motocicleta n\u00e3o pertencia a mesma, ademais, os PRFs verificaram que os elementos identificadores do ve\u00edculo estavam adulterados.<\/p>\n\n\n\n<p>Por fim, o condutor alegou que tinha comprado a motocicleta em 2018 de um conhecido e apresentou o Certificado de Registro e Licenciamento do Ve\u00edculo (CRLV). Contudo, os policiais verificaram que o documento era falsificado e pertencente a um lote que fora extraviado no DETRAN-CE.<\/p>\n\n\n\n<p>Diante dos fatos, o condutor e o ve\u00edculo foram encaminhados \u00e0 delegacia de Pol\u00edcia Civil de PIO-IX, para que fossem tomadas as medidas legais cab\u00edveis. A princ\u00edpio o condutor ir\u00e1 responder por recepta\u00e7\u00e3o de ve\u00edculo, adultera\u00e7\u00e3o de sinal identificador de ve\u00edculo automotor e uso de documento falso.<\/p>\n\n\n\n<p><strong>Fonte: Meio Norte<\/strong><\/p>\n","protected":false},"excerpt":{"rendered":"<p>Policiais Rodovi\u00e1rios Federais recuperaram na tarde de ontem (01) uma motocicleta com registro de roubo em Fortaleza-CE. A a\u00e7\u00e3o foi desencadeada na BR 316 na cidade de Alegrete do Piau\u00ed. No momento da abordagem, o ve\u00edculo era conduzido por um homem de 54 anos. Durante a fiscaliza\u00e7\u00e3o, os policiais observaram que a placa ostentava na [&hellip;]<\/p>\n","protected":false},"author":1,"featured_media":32342,"comment_status":"open","ping_status":"open","sticky":false,"template":"","format":"standard","meta":{"beyondwords_generate_audio":"","beyondwords_project_id":"","beyondwords_podcast_id":"","beyondwords_hash":"","beyondwords_error_message":"","beyondwords_disabled":"","publish_post_to_speechkit":"","speechkit_generate_audio":"","speechkit_project_id":"","speechkit_podcast_id":"","speechkit_hash":"","speechkit_error_message":"","speechkit_disabled":"","speechkit_access_key":"","speechkit_error":"","speechkit_info":"","speechkit_response":"","speechkit_retries":"","_speechkit_link":"","_speechkit_text":""},"categories":[700,124,51,78],"tags":[699,8738,44,46,2757,179,52,104,937,5830,890],"jetpack_featured_media_url":"","_links":{"self":[{"href":"https:\/\/pinews.com.br\/index.php\/wp-json\/wp\/v2\/posts\/32341"}],"collection":[{"href":"https:\/\/pinews.com.br\/index.php\/wp-json\/wp\/v2\/posts"}],"about":[{"href":"https:\/\/pinews.com.br\/index.php\/wp-json\/wp\/v2\/types\/post"}],"author":[{"embeddable":true,"href":"https:\/\/pinews.com.br\/index.php\/wp-json\/wp\/v2\/users\/1"}],"replies":[{"embeddable":true,"href":"https:\/\/pinews.com.br\/index.php\/wp-json\/wp\/v2\/comments?post=32341"}],"version-history":[{"count":0,"href":"https:\/\/pinews.com.br\/index.php\/wp-json\/wp\/v2\/posts\/32341\/revisions"}],"wp:featuredmedia":[{"embeddable":true,"href":"https:\/\/pinews.com.br\/index.php\/wp-json\/"}],"wp:attachment":[{"href":"https:\/\/pinews.com.br\/index.php\/wp-json\/wp\/v2\/media?parent=32341"}],"wp:term":[{"taxonomy":"category","embeddable":true,"href":"https:\/\/pinews.com.br\/index.php\/wp-json\/wp\/v2\/categories?post=32341"},{"taxonomy":"post_tag","embeddable":true,"href":"https:\/\/pinews.com.br\/index.php\/wp-json\/wp\/v2\/tags?post=32341"}],"curies":[{"name":"wp","href":"https:\/\/api.w.org\/{rel}","templated":true}]}}