{"id":32601,"date":"2022-03-28T20:32:36","date_gmt":"2022-03-28T23:32:36","guid":{"rendered":"https:\/\/pinews.com.br\/?p=32196"},"modified":"2022-03-28T20:32:36","modified_gmt":"2022-03-28T23:32:36","slug":"presidente-do-altos-confirma-jogo-contra-o-flamengo-pela-copa-do-brasil-em-teresina-eu-moro-no-piaui","status":"publish","type":"post","link":"https:\/\/pinews.com.br\/index.php\/2022\/03\/28\/presidente-do-altos-confirma-jogo-contra-o-flamengo-pela-copa-do-brasil-em-teresina-eu-moro-no-piaui\/","title":{"rendered":"Presidente do Altos confirma jogo contra o Flamengo pela Copa do Brasil em Teresina: &#8220;Eu moro no Piau\u00ed&#8221;"},"content":{"rendered":"\n<p>O Altos vai enfrentar o Flamengo pela terceira fase da Copa do Brasil. Minutos ap\u00f3s a defini\u00e7\u00e3o do advers\u00e1rio do Altos dentro da Copa do Brasil come\u00e7ou a circular boatos de que o jogo seria vendido para outro estado, algo que o presidente do Jacar\u00e9, Warton Lacerda, j\u00e1 fez quest\u00e3o de desmentir. Segundo o dirigente essa possibilidade n\u00e3o existe e afirma que a partida ir\u00e1 acontecer no est\u00e1dio Albert\u00e3o, em Teresina.&nbsp;<\/p>\n\n\n\n<p>\u201cIsso da\u00ed \u00e9 fake News. Eu j\u00e1 confirmei que o jogo \u00e9 aqui. Eu moro \u00e9 no Piau\u00ed n\u00e3o \u00e9 em Manaus\u201d, afirmou o presidente do Altos, Warton Lacerda, ap\u00f3s circular que a partida teria sido vendida para a cidade de Manaus.&nbsp;<\/p>\n\n\n\n<p>Nesta fase, ser\u00e3o dois jogos, ida e volta. O Altos chegou at\u00e9 a terceira fase ap\u00f3s eliminar o Sport (PE) e o ABC (RN). As datas e hor\u00e1rios dos confrontos entre Altos e Flamengo ainda n\u00e3o foram definidos pela CBF. Quem avan\u00e7ar at\u00e9 as oitavas de final da Copa do Brasil coloca nos cofres R$ 3 milh\u00f5es.&nbsp;<\/p>\n\n\n\n<figure class=\"wp-block-image\"><img decoding=\"async\" src=\"https:\/\/cidadeverde.com\/assets\/uploads\/noticias\/a6263e45f6e2b7d8025433569d89a79a.jpg\" alt=\"\"\/><figcaption><em>        <em>Warton Lacerda presidente do Altos<\/em><\/em>\/<em>  Foto: P\u00e2mella Maranh\u00e3o <\/em><\/figcaption><\/figure>\n\n\n\n<p>\u201cInclusive quero ajuda de voc\u00eas da imprensa para confirmar esse jogo no Albert\u00e3o. Estou respondendo muitas mensagens e tentando deixar claro, mas s\u00e3o muitas fake News rolando. Porem n\u00e3o tem chances do jogo n\u00e3o ser aqui\u201d, frisou Warton Lacerda.&nbsp;<\/p>\n\n\n\n<p>A diretoria do clube agora come\u00e7a a se movimentar junto a Federa\u00e7\u00e3o de Futebol do Piau\u00ed (FFP) em torno da log\u00edstica para a partida e tamb\u00e9m ampliar a capacidade de publico para a partida j\u00e1 que atualmente o Albert\u00e3o pode receber jogos com apenas 13.500 torcedores.&nbsp;<\/p>\n\n\n\n<p><br><strong>Fonte: P\u00e2mella Maranh\u00e3o\/ Cidade Verde<\/strong><\/p>\n","protected":false},"excerpt":{"rendered":"<p>O Altos vai enfrentar o Flamengo pela terceira fase da Copa do Brasil. Minutos ap\u00f3s a defini\u00e7\u00e3o do advers\u00e1rio do Altos dentro da Copa do Brasil come\u00e7ou a circular boatos de que o jogo seria vendido para outro estado, algo que o presidente do Jacar\u00e9, Warton Lacerda, j\u00e1 fez quest\u00e3o de desmentir. Segundo o dirigente [&hellip;]<\/p>\n","protected":false},"author":1,"featured_media":32197,"comment_status":"open","ping_status":"open","sticky":false,"template":"","format":"standard","meta":{"beyondwords_generate_audio":"","beyondwords_project_id":"","beyondwords_podcast_id":"","beyondwords_hash":"","beyondwords_error_message":"","beyondwords_disabled":"","publish_post_to_speechkit":"","speechkit_generate_audio":"","speechkit_project_id":"","speechkit_podcast_id":"","speechkit_hash":"","speechkit_error_message":"","speechkit_disabled":"","speechkit_access_key":"","speechkit_error":"","speechkit_info":"","speechkit_response":"","speechkit_retries":"","_speechkit_link":"","_speechkit_text":""},"categories":[1189,134],"tags":[2256,1093,1951,294,8453,46,5314,1341,1669,1200,103,52,1006,187],"jetpack_featured_media_url":"","_links":{"self":[{"href":"https:\/\/pinews.com.br\/index.php\/wp-json\/wp\/v2\/posts\/32601"}],"collection":[{"href":"https:\/\/pinews.com.br\/index.php\/wp-json\/wp\/v2\/posts"}],"about":[{"href":"https:\/\/pinews.com.br\/index.php\/wp-json\/wp\/v2\/types\/post"}],"author":[{"embeddable":true,"href":"https:\/\/pinews.com.br\/index.php\/wp-json\/wp\/v2\/users\/1"}],"replies":[{"embeddable":true,"href":"https:\/\/pinews.com.br\/index.php\/wp-json\/wp\/v2\/comments?post=32601"}],"version-history":[{"count":0,"href":"https:\/\/pinews.com.br\/index.php\/wp-json\/wp\/v2\/posts\/32601\/revisions"}],"wp:featuredmedia":[{"embeddable":true,"href":"https:\/\/pinews.com.br\/index.php\/wp-json\/"}],"wp:attachment":[{"href":"https:\/\/pinews.com.br\/index.php\/wp-json\/wp\/v2\/media?parent=32601"}],"wp:term":[{"taxonomy":"category","embeddable":true,"href":"https:\/\/pinews.com.br\/index.php\/wp-json\/wp\/v2\/categories?post=32601"},{"taxonomy":"post_tag","embeddable":true,"href":"https:\/\/pinews.com.br\/index.php\/wp-json\/wp\/v2\/tags?post=32601"}],"curies":[{"name":"wp","href":"https:\/\/api.w.org\/{rel}","templated":true}]}}