{"id":32623,"date":"2022-03-31T11:12:54","date_gmt":"2022-03-31T14:12:54","guid":{"rendered":"https:\/\/pinews.com.br\/?p=32271"},"modified":"2022-03-31T11:12:54","modified_gmt":"2022-03-31T14:12:54","slug":"dupla-e-presa-com-espingarda-pistola-revolver-maconha-e-cocaina-no-piaui","status":"publish","type":"post","link":"https:\/\/pinews.com.br\/index.php\/2022\/03\/31\/dupla-e-presa-com-espingarda-pistola-revolver-maconha-e-cocaina-no-piaui\/","title":{"rendered":"Dupla \u00e9 presa com espingarda, pistola, rev\u00f3lver, maconha e coca\u00edna no Piau\u00ed"},"content":{"rendered":"\n<p>Dois homens foram presos durante cumprimento de busca e apreens\u00e3o realizado pela Pol\u00edcia Civil do Piau\u00ed, por meio da POLINTER, nesta quarta-feira (30\/03). As pris\u00f5es ocorreram em uma resid\u00eancia no bairro Santo Ant\u00f4nio, Zona Sul de Teresina.<\/p>\n\n\n\n<p>Os policiais prenderam uma dupla por tr\u00e1fico de drogas e posse ilegal de arma de fogo. Na resid\u00eancia foram encontrados cerca de 5 quilos de drogas (maconha e coca\u00edna), al\u00e9m de uma Pistola .40 com dois carregadores municiados, 2 rev\u00f3lveres calibre .38, e uma espingarda.<\/p>\n\n\n\n<figure class=\"wp-block-image\"><img decoding=\"async\" src=\"https:\/\/cidadesnanet.com\/news\/wp-content\/uploads\/2022\/03\/Polinter.jpg\" alt=\"\" class=\"wp-image-1271619\"\/><figcaption><em>Foto: Divulga\u00e7\u00e3o\/PC-PI<\/em><\/figcaption><\/figure>\n\n\n\n<p>Os presos foram autuados em flagrante delito na POLINTER, sendo transferidos para a Central de Flagrantes ap\u00f3s os procedimentos legais.<\/p>\n\n\n\n<p><strong>Fonte: 180 Graus\/ Com informa\u00e7\u00f5es do Rep\u00f3rter Ponto 50<\/strong><\/p>\n","protected":false},"excerpt":{"rendered":"<p>Dois homens foram presos durante cumprimento de busca e apreens\u00e3o realizado pela Pol\u00edcia Civil do Piau\u00ed, por meio da POLINTER, nesta quarta-feira (30\/03). As pris\u00f5es ocorreram em uma resid\u00eancia no bairro Santo Ant\u00f4nio, Zona Sul de Teresina. Os policiais prenderam uma dupla por tr\u00e1fico de drogas e posse ilegal de arma de fogo. Na resid\u00eancia [&hellip;]<\/p>\n","protected":false},"author":1,"featured_media":32272,"comment_status":"open","ping_status":"open","sticky":false,"template":"","format":"standard","meta":{"beyondwords_generate_audio":"","beyondwords_project_id":"","beyondwords_podcast_id":"","beyondwords_hash":"","beyondwords_error_message":"","beyondwords_disabled":"","publish_post_to_speechkit":"","speechkit_generate_audio":"","speechkit_project_id":"","speechkit_podcast_id":"","speechkit_hash":"","speechkit_error_message":"","speechkit_disabled":"","speechkit_access_key":"","speechkit_error":"","speechkit_info":"","speechkit_response":"","speechkit_retries":"","_speechkit_link":"","_speechkit_text":""},"categories":[51,78],"tags":[663,1609,72,1920,465,52,1009,314,990],"jetpack_featured_media_url":"","_links":{"self":[{"href":"https:\/\/pinews.com.br\/index.php\/wp-json\/wp\/v2\/posts\/32623"}],"collection":[{"href":"https:\/\/pinews.com.br\/index.php\/wp-json\/wp\/v2\/posts"}],"about":[{"href":"https:\/\/pinews.com.br\/index.php\/wp-json\/wp\/v2\/types\/post"}],"author":[{"embeddable":true,"href":"https:\/\/pinews.com.br\/index.php\/wp-json\/wp\/v2\/users\/1"}],"replies":[{"embeddable":true,"href":"https:\/\/pinews.com.br\/index.php\/wp-json\/wp\/v2\/comments?post=32623"}],"version-history":[{"count":0,"href":"https:\/\/pinews.com.br\/index.php\/wp-json\/wp\/v2\/posts\/32623\/revisions"}],"wp:featuredmedia":[{"embeddable":true,"href":"https:\/\/pinews.com.br\/index.php\/wp-json\/wp\/v2\/posts\/32272"}],"wp:attachment":[{"href":"https:\/\/pinews.com.br\/index.php\/wp-json\/wp\/v2\/media?parent=32623"}],"wp:term":[{"taxonomy":"category","embeddable":true,"href":"https:\/\/pinews.com.br\/index.php\/wp-json\/wp\/v2\/categories?post=32623"},{"taxonomy":"post_tag","embeddable":true,"href":"https:\/\/pinews.com.br\/index.php\/wp-json\/wp\/v2\/tags?post=32623"}],"curies":[{"name":"wp","href":"https:\/\/api.w.org\/{rel}","templated":true}]}}