{"id":32634,"date":"2022-04-01T11:46:38","date_gmt":"2022-04-01T14:46:38","guid":{"rendered":"https:\/\/pinews.com.br\/?p=32304"},"modified":"2022-04-01T11:46:38","modified_gmt":"2022-04-01T14:46:38","slug":"menor-de-17-anos-e-apreendido-dentro-de-geladeira-ao-tentar-fugir-da-policia-no-piaui","status":"publish","type":"post","link":"https:\/\/pinews.com.br\/index.php\/2022\/04\/01\/menor-de-17-anos-e-apreendido-dentro-de-geladeira-ao-tentar-fugir-da-policia-no-piaui\/","title":{"rendered":"Menor de 17 anos \u00e9 apreendido dentro de geladeira ao tentar fugir da pol\u00edcia no Piau\u00ed"},"content":{"rendered":"\n<p>Um menor de 17 anos foi apreendido no in\u00edcio da noite de quinta-feira (31\/03), pela Rotam da Guarda Civil Municipal de Jos\u00e9 de Freitas.<\/p>\n\n\n\n<p>O suspeito foi encontrado dentro de uma geladeira, onde tentou se esconder dos agentes. O eletrodom\u00e9stico estava na sala da resid\u00eancia onde o rapaz mora com a m\u00e3e.<\/p>\n\n\n\n<p>O menor&nbsp; teria invadido um estabelecimento pelo teto por volta das 21h de quarta-feira (30\/03). Ele quebrou o forro para ter acesso ao local.&nbsp;<\/p>\n\n\n\n<p>J\u00e1 l\u00e1 dentro ele roubou diversos produtos, que foram recuperados em uma mochila encontrada em sua casa. As c\u00e2meras do circuito de seguran\u00e7a ajudaram a identific\u00e1-lo.<\/p>\n\n\n\n<p>O menor foi conduzido \u00e0 Central de Flagrantes para os procedimentos cab\u00edveis. Os pertences devolvidos ao propriet\u00e1rio.<\/p>\n\n\n\n<p><strong>Fonte: Rep\u00f3rter Ponto 50<\/strong><\/p>\n","protected":false},"excerpt":{"rendered":"<p>Um menor de 17 anos foi apreendido no in\u00edcio da noite de quinta-feira (31\/03), pela Rotam da Guarda Civil Municipal de Jos\u00e9 de Freitas. O suspeito foi encontrado dentro de uma geladeira, onde tentou se esconder dos agentes. O eletrodom\u00e9stico estava na sala da resid\u00eancia onde o rapaz mora com a m\u00e3e. O menor&nbsp; teria [&hellip;]<\/p>\n","protected":false},"author":1,"featured_media":32305,"comment_status":"open","ping_status":"open","sticky":false,"template":"","format":"standard","meta":{"beyondwords_generate_audio":"","beyondwords_project_id":"","beyondwords_podcast_id":"","beyondwords_hash":"","beyondwords_error_message":"","beyondwords_disabled":"","publish_post_to_speechkit":"","speechkit_generate_audio":"","speechkit_project_id":"","speechkit_podcast_id":"","speechkit_hash":"","speechkit_error_message":"","speechkit_disabled":"","speechkit_access_key":"","speechkit_error":"","speechkit_info":"","speechkit_response":"","speechkit_retries":"","_speechkit_link":"","_speechkit_text":""},"categories":[51,78],"tags":[455,82,132,1117,122,44,192,72,73,8186,1549,52,466,475],"jetpack_featured_media_url":"","_links":{"self":[{"href":"https:\/\/pinews.com.br\/index.php\/wp-json\/wp\/v2\/posts\/32634"}],"collection":[{"href":"https:\/\/pinews.com.br\/index.php\/wp-json\/wp\/v2\/posts"}],"about":[{"href":"https:\/\/pinews.com.br\/index.php\/wp-json\/wp\/v2\/types\/post"}],"author":[{"embeddable":true,"href":"https:\/\/pinews.com.br\/index.php\/wp-json\/wp\/v2\/users\/1"}],"replies":[{"embeddable":true,"href":"https:\/\/pinews.com.br\/index.php\/wp-json\/wp\/v2\/comments?post=32634"}],"version-history":[{"count":0,"href":"https:\/\/pinews.com.br\/index.php\/wp-json\/wp\/v2\/posts\/32634\/revisions"}],"wp:featuredmedia":[{"embeddable":true,"href":"https:\/\/pinews.com.br\/index.php\/wp-json\/wp\/v2\/posts\/32305"}],"wp:attachment":[{"href":"https:\/\/pinews.com.br\/index.php\/wp-json\/wp\/v2\/media?parent=32634"}],"wp:term":[{"taxonomy":"category","embeddable":true,"href":"https:\/\/pinews.com.br\/index.php\/wp-json\/wp\/v2\/categories?post=32634"},{"taxonomy":"post_tag","embeddable":true,"href":"https:\/\/pinews.com.br\/index.php\/wp-json\/wp\/v2\/tags?post=32634"}],"curies":[{"name":"wp","href":"https:\/\/api.w.org\/{rel}","templated":true}]}}