{"id":32636,"date":"2022-04-01T17:31:36","date_gmt":"2022-04-01T20:31:36","guid":{"rendered":"https:\/\/pinews.com.br\/?p=32309"},"modified":"2022-04-01T17:31:36","modified_gmt":"2022-04-01T20:31:36","slug":"suspeito-de-assalto-a-banco-e-explosao-de-caixas-e-morto-a-tiros-no-piaui","status":"publish","type":"post","link":"https:\/\/pinews.com.br\/index.php\/2022\/04\/01\/suspeito-de-assalto-a-banco-e-explosao-de-caixas-e-morto-a-tiros-no-piaui\/","title":{"rendered":"Suspeito de assalto a banco e explos\u00e3o de caixas \u00e9 morto a tiros no Piau\u00ed"},"content":{"rendered":"\n<p>Um homem identificado pelas iniciais F. C. da S., de 33 anos, morreu na tarde desta sexta-feira (1\u00ba) na Vila Santa Cruz, Zona Sul de&nbsp;<a href=\"https:\/\/g1.globo.com\/pi\/piaui\/cidade\/teresina\/\">Teresina<\/a>. Segundo o capit\u00e3o Sousa Lima, comandante do 2\u00aa Companhia Independente de Policiamento Promorar, a v\u00edtima tem v\u00e1rias passagens pela pol\u00edcia no Piau\u00ed e Maranh\u00e3o, e era foragido da justi\u00e7a.<\/p>\n\n\n\n<p>&#8220;Ele era conhecido como F\u00e1bio Cocada e tem diversas passagens pela pol\u00edcia por tr\u00e1fico de drogas, inclusive em Timon, assalto a banco em Altos, explos\u00e3o de caixa eletr\u00f4nico. Ele tinha mandado de pris\u00e3o em aberto&#8221;, afirmou o capit\u00e3o.<\/p>\n\n\n\n<p>Ainda segundo a pol\u00edcia, testemunhas relataram que F\u00e1bio estava em casa quando recebeu duas liga\u00e7\u00f5es e saiu. A v\u00edtima foi at\u00e9 a Rua C, na Vila Santa Cruz, bairro Santo Ant\u00f4nio, onde foi alvejado por disparos de arma de fogo.<\/p>\n\n\n\n<p>F\u00e1bio estava em uma motocicleta e recebeu os tiros na regi\u00e3o do peito. Ainda n\u00e3o h\u00e1 informa\u00e7\u00f5es sobre quem efetuou os disparos. O Sistema de Atendimento M\u00f3vel de Urg\u00eancia (SAMU) chegou a ir ao local, mas F\u00e1bio estava sem vida.<\/p>\n\n\n\n<p>A Pol\u00edcia Civil do Piau\u00ed, por meio do Departamento de Homic\u00eddios e Prote\u00e7\u00e3o a Pessoa (DHPP), investigar\u00e1 o caso.<\/p>\n\n\n\n<p><strong>Fonte: G1 PI<\/strong><\/p>\n","protected":false},"excerpt":{"rendered":"<p>Um homem identificado pelas iniciais F. C. da S., de 33 anos, morreu na tarde desta sexta-feira (1\u00ba) na Vila Santa Cruz, Zona Sul de&nbsp;Teresina. Segundo o capit\u00e3o Sousa Lima, comandante do 2\u00aa Companhia Independente de Policiamento Promorar, a v\u00edtima tem v\u00e1rias passagens pela pol\u00edcia no Piau\u00ed e Maranh\u00e3o, e era foragido da justi\u00e7a. &#8220;Ele [&hellip;]<\/p>\n","protected":false},"author":1,"featured_media":32310,"comment_status":"open","ping_status":"open","sticky":false,"template":"","format":"standard","meta":{"beyondwords_generate_audio":"","beyondwords_project_id":"","beyondwords_podcast_id":"","beyondwords_hash":"","beyondwords_error_message":"","beyondwords_disabled":"","publish_post_to_speechkit":"","speechkit_generate_audio":"","speechkit_project_id":"","speechkit_podcast_id":"","speechkit_hash":"","speechkit_error_message":"","speechkit_disabled":"","speechkit_access_key":"","speechkit_error":"","speechkit_info":"","speechkit_response":"","speechkit_retries":"","_speechkit_link":"","_speechkit_text":""},"categories":[51,78,81],"tags":[356,71,5475,44,72,1636,197,52,130,165],"jetpack_featured_media_url":"","_links":{"self":[{"href":"https:\/\/pinews.com.br\/index.php\/wp-json\/wp\/v2\/posts\/32636"}],"collection":[{"href":"https:\/\/pinews.com.br\/index.php\/wp-json\/wp\/v2\/posts"}],"about":[{"href":"https:\/\/pinews.com.br\/index.php\/wp-json\/wp\/v2\/types\/post"}],"author":[{"embeddable":true,"href":"https:\/\/pinews.com.br\/index.php\/wp-json\/wp\/v2\/users\/1"}],"replies":[{"embeddable":true,"href":"https:\/\/pinews.com.br\/index.php\/wp-json\/wp\/v2\/comments?post=32636"}],"version-history":[{"count":0,"href":"https:\/\/pinews.com.br\/index.php\/wp-json\/wp\/v2\/posts\/32636\/revisions"}],"wp:featuredmedia":[{"embeddable":true,"href":"https:\/\/pinews.com.br\/index.php\/wp-json\/wp\/v2\/posts\/32310"}],"wp:attachment":[{"href":"https:\/\/pinews.com.br\/index.php\/wp-json\/wp\/v2\/media?parent=32636"}],"wp:term":[{"taxonomy":"category","embeddable":true,"href":"https:\/\/pinews.com.br\/index.php\/wp-json\/wp\/v2\/categories?post=32636"},{"taxonomy":"post_tag","embeddable":true,"href":"https:\/\/pinews.com.br\/index.php\/wp-json\/wp\/v2\/tags?post=32636"}],"curies":[{"name":"wp","href":"https:\/\/api.w.org\/{rel}","templated":true}]}}