{"id":32643,"date":"2022-04-02T20:04:53","date_gmt":"2022-04-02T23:04:53","guid":{"rendered":"https:\/\/pinews.com.br\/?p=32332"},"modified":"2022-04-02T20:04:53","modified_gmt":"2022-04-02T23:04:53","slug":"governo-dispensa-testes-contra-covid-19-a-quem-entra-no-pais","status":"publish","type":"post","link":"https:\/\/pinews.com.br\/index.php\/2022\/04\/02\/governo-dispensa-testes-contra-covid-19-a-quem-entra-no-pais\/","title":{"rendered":"Governo dispensa testes contra covid-19 a quem entra no pa\u00eds"},"content":{"rendered":"\n<p>Portaria interministerial publicada em edi\u00e7\u00e3o extra do&nbsp;<a href=\"https:\/\/www.in.gov.br\/en\/web\/dou\/-\/portaria-interministerial-n-670-de-1-de-abril-de-2022-390351794\" target=\"_blank\" rel=\"noreferrer noopener\"><em>Di\u00e1rio Oficial da Uni\u00e3o<\/em><\/a>&nbsp;na noite de ontem (1\u00ba) dispensa a necessidade de apresenta\u00e7\u00e3o de teste para rastreio da infec\u00e7\u00e3o pelo Sars-Cov-2 (covid-19) a viajantes de proced\u00eancia internacional, brasileiro ou estrangeiro, desde que apresentem comprovante de vacina\u00e7\u00e3o, impresso ou em meio eletr\u00f4nico.<img decoding=\"async\" src=\"https:\/\/agenciabrasil.ebc.com.br\/ebc.png?id=1452013&amp;o=node\"><img decoding=\"async\" src=\"https:\/\/agenciabrasil.ebc.com.br\/ebc.gif?id=1452013&amp;o=node\"><\/p>\n\n\n\n<p>A medida vale tanto para quem viaja por via a\u00e9rea como terrestre e aqu\u00e1tica. No caso dos viajantes por transporte a\u00e9reo, o comprovante de vacina\u00e7\u00e3o deve ser apresentado \u00e0 companhia a\u00e9rea antes do embarque.<\/p>\n\n\n\n<p>No caso das pessoas que viajam pela via terrestre, o comprovante dever\u00e1 ser apresentado nos pontos de controle terrestre. J\u00e1 no caso daqueles que viajam em transporte aquavi\u00e1rio, o comprovante dever\u00e1 ser apresentado antes do embarque ao operador ou respons\u00e1vel pela embarca\u00e7\u00e3o.<\/p>\n\n\n\n<h2>Exce\u00e7\u00f5es<\/h2>\n\n\n\n<p>A legisla\u00e7\u00e3o esclarece que a apresenta\u00e7\u00e3o de testes para rastreio da infec\u00e7\u00e3o ainda ser\u00e1 necess\u00e1ria nos casos em que a pr\u00f3pria legisla\u00e7\u00e3o dispensa a apresenta\u00e7\u00e3o de comprovantes de vacina\u00e7\u00e3o para a entrada no pa\u00eds. \u00c9 o caso de viajantes com condi\u00e7\u00e3o de sa\u00fade que contraindique a vacina\u00e7\u00e3o, desde que respaldado por laudo m\u00e9dico, por exemplo.<\/p>\n\n\n\n<p>Tamb\u00e9m est\u00e3o dispensados de apresentar comprovante de vacina\u00e7\u00e3o para o ingresso no pa\u00eds \u2013 desde que apresentem testes para rastreio \u2013 pessoas n\u00e3o eleg\u00edveis para vacina\u00e7\u00e3o em fun\u00e7\u00e3o da idade; e viajantes que entram no pa\u00eds em virtude de quest\u00f5es humanit\u00e1rias.<\/p>\n\n\n\n<p>Completam esse grupo (pessoas dispensadas de apresentar comprovante de vacina\u00e7\u00e3o, mas que precisam apresentar testes, para ingressar no pa\u00eds) pessoas provenientes de pa\u00edses com baixa cobertura vacinal; e brasileiros e estrangeiros residentes em territ\u00f3rio brasileiro, que n\u00e3o estejam completamente vacinados.<\/p>\n\n\n\n<p>No caso dos viajantes por meio terrestre, a medida inclui \u2013 entre os que n\u00e3o precisam apresentar comprovante de vacina\u00e7\u00e3o \u2013 residentes fronteiri\u00e7os de cidades g\u00eameas, mediante apresenta\u00e7\u00e3o de documentos comprobat\u00f3rios. Tamb\u00e9m n\u00e3o precisam apresentar comprovante de vacina\u00e7\u00e3o trabalhadores de transporte de cargas, inclu\u00eddos motorista e ajudante, desde que estes comprovem adotar equipamentos de prote\u00e7\u00e3o individual e medidas para mitiga\u00e7\u00e3o de cont\u00e1gio indicadas pela Anvisa.<\/p>\n\n\n\n<p>De acordo com a portaria publicada ontem, os testes a serem apresentados nessas situa\u00e7\u00f5es espec\u00edficas precisam ter \u201cresultado negativo ou n\u00e3o detect\u00e1vel, do tipo teste de ant\u00edgeno ou laboratorial RT-PCR realizado em um dia antes do momento do embarque\u201d, tendo como refer\u00eancia alguns par\u00e2metros apresentados no anexo da portaria.<\/p>\n\n\n\n<p>A necessidade de apresentar comprovante de vacina\u00e7\u00e3o e teste com resultado negativo para a doen\u00e7a estava previsto em normas publicadas anteriormente.<\/p>\n\n\n\n<p><strong>Fonte: Ag\u00eancia Brasil<\/strong><\/p>\n","protected":false},"excerpt":{"rendered":"<p>Portaria interministerial publicada em edi\u00e7\u00e3o extra do&nbsp;Di\u00e1rio Oficial da Uni\u00e3o&nbsp;na noite de ontem (1\u00ba) dispensa a necessidade de apresenta\u00e7\u00e3o de teste para rastreio da infec\u00e7\u00e3o pelo Sars-Cov-2 (covid-19) a viajantes de proced\u00eancia internacional, brasileiro ou estrangeiro, desde que apresentem comprovante de vacina\u00e7\u00e3o, impresso ou em meio eletr\u00f4nico. A medida vale tanto para quem viaja por [&hellip;]<\/p>\n","protected":false},"author":1,"featured_media":32333,"comment_status":"open","ping_status":"open","sticky":false,"template":"","format":"standard","meta":{"beyondwords_generate_audio":"","beyondwords_project_id":"","beyondwords_podcast_id":"","beyondwords_hash":"","beyondwords_error_message":"","beyondwords_disabled":"","publish_post_to_speechkit":"","speechkit_generate_audio":"","speechkit_project_id":"","speechkit_podcast_id":"","speechkit_hash":"","speechkit_error_message":"","speechkit_disabled":"","speechkit_access_key":"","speechkit_error":"","speechkit_info":"","speechkit_response":"","speechkit_retries":"","_speechkit_link":"","_speechkit_text":""},"categories":[134],"tags":[294,5307,10056,5465,458,998,7289,3211],"jetpack_featured_media_url":"","_links":{"self":[{"href":"https:\/\/pinews.com.br\/index.php\/wp-json\/wp\/v2\/posts\/32643"}],"collection":[{"href":"https:\/\/pinews.com.br\/index.php\/wp-json\/wp\/v2\/posts"}],"about":[{"href":"https:\/\/pinews.com.br\/index.php\/wp-json\/wp\/v2\/types\/post"}],"author":[{"embeddable":true,"href":"https:\/\/pinews.com.br\/index.php\/wp-json\/wp\/v2\/users\/1"}],"replies":[{"embeddable":true,"href":"https:\/\/pinews.com.br\/index.php\/wp-json\/wp\/v2\/comments?post=32643"}],"version-history":[{"count":0,"href":"https:\/\/pinews.com.br\/index.php\/wp-json\/wp\/v2\/posts\/32643\/revisions"}],"wp:featuredmedia":[{"embeddable":true,"href":"https:\/\/pinews.com.br\/index.php\/wp-json\/"}],"wp:attachment":[{"href":"https:\/\/pinews.com.br\/index.php\/wp-json\/wp\/v2\/media?parent=32643"}],"wp:term":[{"taxonomy":"category","embeddable":true,"href":"https:\/\/pinews.com.br\/index.php\/wp-json\/wp\/v2\/categories?post=32643"},{"taxonomy":"post_tag","embeddable":true,"href":"https:\/\/pinews.com.br\/index.php\/wp-json\/wp\/v2\/tags?post=32643"}],"curies":[{"name":"wp","href":"https:\/\/api.w.org\/{rel}","templated":true}]}}