{"id":32646,"date":"2022-04-03T12:45:47","date_gmt":"2022-04-03T15:45:47","guid":{"rendered":"https:\/\/pinews.com.br\/?p=32347"},"modified":"2022-04-03T12:45:47","modified_gmt":"2022-04-03T15:45:47","slug":"funcionaria-do-cras-de-sao-juliao-colide-com-moto-contra-animal-perfura-pulmao-e-passa-por-procedimento-cirurgico-em-picos","status":"publish","type":"post","link":"https:\/\/pinews.com.br\/index.php\/2022\/04\/03\/funcionaria-do-cras-de-sao-juliao-colide-com-moto-contra-animal-perfura-pulmao-e-passa-por-procedimento-cirurgico-em-picos\/","title":{"rendered":"Funcion\u00e1ria do CRAS de S\u00e3o Juli\u00e3o colide com moto contra animal, perfura pulm\u00e3o e passa por procedimento cir\u00fargico em Picos"},"content":{"rendered":"\n<p>Uma funcion\u00e1ria do Centro de Refer\u00eancia de Assist\u00eancia Social (CRAS) de S\u00e3o Juli\u00e3o \u2013 PI, identificada por Joiciney de Sousa, de 31 anos, sofreu um grave acidente na tarde deste s\u00e1bado, 02 de abril.<\/p>\n\n\n\n<p>De acordo com informa\u00e7\u00f5es repassadas ao <a href=\"https:\/\/www.facebook.com\/ENoticiasOficial\/\"><em>Portal \u00c9 Not\u00edcias<\/em><\/a>, a v\u00edtima trafegava numa motocicleta da sede de S\u00e3o Juli\u00e3o com destino ao povoado Mandacaru quando teria colidido contra um animal que adentrou bruscamente a pista.<\/p>\n\n\n\n<p>Com o impacto, ela ficou gravemente ferida e teve que ser encaminhada ao Hospital Regional Justino Luz, em Picos.<\/p>\n\n\n\n<p>Ao chegar em Picos, o diagn\u00f3stico apontou perfura\u00e7\u00e3o em um dos pulm\u00f5es e a jovem teve que ser submetida a um procedimento cir\u00fargico de urg\u00eancia.<\/p>\n\n\n\n<p>Familiares informaram que apesar da gravidade do acidente, Joiciney de Sousa n\u00e3o corre o risco de morrer e que em breve receber\u00e1 alta.<\/p>\n\n\n\n<p><strong>Fonte: Portal \u00c9 Not\u00edcias<\/strong><\/p>\n","protected":false},"excerpt":{"rendered":"<p>Uma funcion\u00e1ria do Centro de Refer\u00eancia de Assist\u00eancia Social (CRAS) de S\u00e3o Juli\u00e3o \u2013 PI, identificada por Joiciney de Sousa, de 31 anos, sofreu um grave acidente na tarde deste s\u00e1bado, 02 de abril. De acordo com informa\u00e7\u00f5es repassadas ao Portal \u00c9 Not\u00edcias, a v\u00edtima trafegava numa motocicleta da sede de S\u00e3o Juli\u00e3o com destino [&hellip;]<\/p>\n","protected":false},"author":1,"featured_media":32348,"comment_status":"open","ping_status":"open","sticky":false,"template":"","format":"standard","meta":{"beyondwords_generate_audio":"","beyondwords_project_id":"","beyondwords_podcast_id":"","beyondwords_hash":"","beyondwords_error_message":"","beyondwords_disabled":"","publish_post_to_speechkit":"","speechkit_generate_audio":"","speechkit_project_id":"","speechkit_podcast_id":"","speechkit_hash":"","speechkit_error_message":"","speechkit_disabled":"","speechkit_access_key":"","speechkit_error":"","speechkit_info":"","speechkit_response":"","speechkit_retries":"","_speechkit_link":"","_speechkit_text":""},"categories":[51,500],"tags":[898,10058,701,294,10059,44,46,1632,499,304,369,10060,125,59,10061,10062,362],"jetpack_featured_media_url":"","_links":{"self":[{"href":"https:\/\/pinews.com.br\/index.php\/wp-json\/wp\/v2\/posts\/32646"}],"collection":[{"href":"https:\/\/pinews.com.br\/index.php\/wp-json\/wp\/v2\/posts"}],"about":[{"href":"https:\/\/pinews.com.br\/index.php\/wp-json\/wp\/v2\/types\/post"}],"author":[{"embeddable":true,"href":"https:\/\/pinews.com.br\/index.php\/wp-json\/wp\/v2\/users\/1"}],"replies":[{"embeddable":true,"href":"https:\/\/pinews.com.br\/index.php\/wp-json\/wp\/v2\/comments?post=32646"}],"version-history":[{"count":0,"href":"https:\/\/pinews.com.br\/index.php\/wp-json\/wp\/v2\/posts\/32646\/revisions"}],"wp:featuredmedia":[{"embeddable":true,"href":"https:\/\/pinews.com.br\/index.php\/wp-json\/"}],"wp:attachment":[{"href":"https:\/\/pinews.com.br\/index.php\/wp-json\/wp\/v2\/media?parent=32646"}],"wp:term":[{"taxonomy":"category","embeddable":true,"href":"https:\/\/pinews.com.br\/index.php\/wp-json\/wp\/v2\/categories?post=32646"},{"taxonomy":"post_tag","embeddable":true,"href":"https:\/\/pinews.com.br\/index.php\/wp-json\/wp\/v2\/tags?post=32646"}],"curies":[{"name":"wp","href":"https:\/\/api.w.org\/{rel}","templated":true}]}}