{"id":32654,"date":"2022-04-03T20:57:40","date_gmt":"2022-04-03T23:57:40","guid":{"rendered":"https:\/\/pinews.com.br\/?p=32383"},"modified":"2022-04-03T20:57:40","modified_gmt":"2022-04-03T23:57:40","slug":"homem-e-morto-por-policial-apos-se-render-e-colocar-maos-na-cabeca-assista","status":"publish","type":"post","link":"https:\/\/pinews.com.br\/index.php\/2022\/04\/03\/homem-e-morto-por-policial-apos-se-render-e-colocar-maos-na-cabeca-assista\/","title":{"rendered":"Homem \u00e9 morto por policial ap\u00f3s se render e colocar m\u00e3os na cabe\u00e7a; assista"},"content":{"rendered":"\n<p>Um v\u00eddeo de uma c\u00e2mera de seguran\u00e7a flagrou o momento que o jovem Wellington da Silva Dias, de 24 anos, foi baleado no peito por um policial militar, na noite de  s\u00e1bado (2), no bairro Santo Andr\u00e9, na Grande S\u00e3o Pedro, em Vit\u00f3ria. Nas imagens, Wellington apareceu em um beco quando o atirador chegou. Ele levantou os bra\u00e7os, e mesmo assim, o PM atirou \u00e0 queima roupa.<\/p>\n\n\n\n<p>Atingido por dois disparos no peito, ele n\u00e3o resistiu aos ferimentos e morreu. Familiares n\u00e3o sabem se ele morreu no beco onde foi baleado ou quando deu entrada no Pronto-Atendimento (PA) de S\u00e3o Pedro.<\/p>\n\n\n\n<p>Uma auxiliar de produ\u00e7\u00e3o, que pediu para n\u00e3o ser identificada, \u00e9 familiar da v\u00edtima e contou que ningu\u00e9m entendeu porque Wellington levantou os bra\u00e7os e mesmo assim foi morto pelo militar.<\/p>\n\n\n\n<p>Em um outro v\u00eddeo o atirador apareceu aparentando nervosismo. Quando algumas pessoas se aproximaram ele fez gestos com a m\u00e3o como se estivesse pedindo calma.<\/p>\n\n\n\n<p>Wellington era casado h\u00e1 nove anos e tinha um filho de seis anos. Ele trabalhava como ajudante de pedreiro. Segundo a fam\u00edlia, ele chegou a ter envolvimento com o tr\u00e1fico de drogas, mas tinha mudado de vida.<\/p>\n\n\n\n<p>Um barbeiro de 23 anos tamb\u00e9m foi baleado na perna. Ele foi atendido no Hospital Estadual de Urg\u00eancia e Emerg\u00eancia (HEUE) e j\u00e1 recebeu alta. O homem, que pediu para n\u00e3o ser identificado, contou que um outro policial militar atirou contra ele.<\/p>\n\n\n\n<figure class=\"wp-block-embed-twitter wp-block-embed is-type-rich is-provider-twitter\"><div class=\"wp-block-embed__wrapper\">\n<blockquote class=\"twitter-tweet\" data-width=\"550\" data-dnt=\"true\"><p lang=\"pt\" dir=\"ltr\">Homem \u00e9 morto por policial ap\u00f3s se render e colocar m\u00e3os na cabe\u00e7a <a href=\"https:\/\/t.co\/EU9nEYgHBa\">https:\/\/t.co\/EU9nEYgHBa<\/a> <a href=\"https:\/\/t.co\/RPm95jtlo6\">pic.twitter.com\/RPm95jtlo6<\/a><\/p>&mdash; Meio Norte (@meionorte) <a href=\"https:\/\/twitter.com\/meionorte\/status\/1510740759200387072?ref_src=twsrc%5Etfw\">April 3, 2022<\/a><\/blockquote><script async src=\"https:\/\/platform.twitter.com\/widgets.js\" charset=\"utf-8\"><\/script>\n<\/div><\/figure>\n\n\n\n<p>&#8220;Fui em dire\u00e7\u00e3o ao acontecido e n\u00e3o cheguei nem perto do local. Foi quando um policial botou a m\u00e3o no meu peito, tentou me dar uma coronhada e eu tirei a m\u00e3o dele e perguntei se ele estava doido, ele pegou e atirou na minha perna. Chegando do servi\u00e7o e trabalhando a semana toda pra chegar em casa e tomar um tiro de gra\u00e7a&#8221;, contou.<\/p>\n\n\n\n<p>O entorno da unidade ficou cheio de carros da PM. Depois do que aconteceu, moradores do bairro em protesto colocaram fogo em um \u00f4nibus. N\u00e3o h\u00e1 informa\u00e7\u00e3o sobre mais feridos.<\/p>\n\n\n\n<p>Os nomes dos policiais envolvidos na ocorr\u00eancia n\u00e3o foram divulgados.<\/p>\n\n\n\n<figure class=\"wp-block-image\"><img decoding=\"async\" src=\"https:\/\/static.meionorte.com\/uploads\/imagens\/2022\/4\/3\/homem-e-morto-por-policial-apos-se-render-e-colocar-maos-na-cabeca-d731284e-6433-40d1-abcd-513c13041fa9.jpg\" alt=\"Wellington era casado h\u00e1 nove anos e tinha um filho de seis anos - Foto: Reprodu\u00e7\u00e3o\"\/><figcaption>Wellington era casado h\u00e1 nove anos e tinha um filho de seis anos &#8211; Foto: Reprodu\u00e7\u00e3o<\/figcaption><\/figure>\n\n\n\n<p><strong>Fonte: G1<\/strong><\/p>\n","protected":false},"excerpt":{"rendered":"<p>Um v\u00eddeo de uma c\u00e2mera de seguran\u00e7a flagrou o momento que o jovem Wellington da Silva Dias, de 24 anos, foi baleado no peito por um policial militar, na noite de s\u00e1bado (2), no bairro Santo Andr\u00e9, na Grande S\u00e3o Pedro, em Vit\u00f3ria. Nas imagens, Wellington apareceu em um beco quando o atirador chegou. Ele [&hellip;]<\/p>\n","protected":false},"author":1,"featured_media":32384,"comment_status":"open","ping_status":"open","sticky":false,"template":"","format":"standard","meta":{"beyondwords_generate_audio":"","beyondwords_project_id":"","beyondwords_podcast_id":"","beyondwords_hash":"","beyondwords_error_message":"","beyondwords_disabled":"","publish_post_to_speechkit":"","speechkit_generate_audio":"","speechkit_project_id":"","speechkit_podcast_id":"","speechkit_hash":"","speechkit_error_message":"","speechkit_disabled":"","speechkit_access_key":"","speechkit_error":"","speechkit_info":"","speechkit_response":"","speechkit_retries":"","_speechkit_link":"","_speechkit_text":""},"categories":[134,78],"tags":[70,9309,750,8721,72,84,1926,197,91,613,59,8776,129],"jetpack_featured_media_url":"","_links":{"self":[{"href":"https:\/\/pinews.com.br\/index.php\/wp-json\/wp\/v2\/posts\/32654"}],"collection":[{"href":"https:\/\/pinews.com.br\/index.php\/wp-json\/wp\/v2\/posts"}],"about":[{"href":"https:\/\/pinews.com.br\/index.php\/wp-json\/wp\/v2\/types\/post"}],"author":[{"embeddable":true,"href":"https:\/\/pinews.com.br\/index.php\/wp-json\/wp\/v2\/users\/1"}],"replies":[{"embeddable":true,"href":"https:\/\/pinews.com.br\/index.php\/wp-json\/wp\/v2\/comments?post=32654"}],"version-history":[{"count":0,"href":"https:\/\/pinews.com.br\/index.php\/wp-json\/wp\/v2\/posts\/32654\/revisions"}],"wp:featuredmedia":[{"embeddable":true,"href":"https:\/\/pinews.com.br\/index.php\/wp-json\/"}],"wp:attachment":[{"href":"https:\/\/pinews.com.br\/index.php\/wp-json\/wp\/v2\/media?parent=32654"}],"wp:term":[{"taxonomy":"category","embeddable":true,"href":"https:\/\/pinews.com.br\/index.php\/wp-json\/wp\/v2\/categories?post=32654"},{"taxonomy":"post_tag","embeddable":true,"href":"https:\/\/pinews.com.br\/index.php\/wp-json\/wp\/v2\/tags?post=32654"}],"curies":[{"name":"wp","href":"https:\/\/api.w.org\/{rel}","templated":true}]}}