{"id":32666,"date":"2022-04-05T11:20:35","date_gmt":"2022-04-05T14:20:35","guid":{"rendered":"https:\/\/pinews.com.br\/?p=32438"},"modified":"2022-04-05T11:20:35","modified_gmt":"2022-04-05T14:20:35","slug":"dez-presos-fogem-de-casa-de-custodia-no-piaui-durante-a-madrugada","status":"publish","type":"post","link":"https:\/\/pinews.com.br\/index.php\/2022\/04\/05\/dez-presos-fogem-de-casa-de-custodia-no-piaui-durante-a-madrugada\/","title":{"rendered":"Dez presos fogem de Casa de Cust\u00f3dia no Piau\u00ed durante a madrugada"},"content":{"rendered":"\n<p>Pelo menos 10 presos fugiram na madrugada desta ter\u00e7a-feira (05) de um dos pavilh\u00f5es da penitenci\u00e1ria Jos\u00e9 de Ribamar Leite, a Casa de Cust\u00f3dia, na zona Sul de Teresina. A informa\u00e7\u00e3o foi confirmada pelo Sindicato dos Policiais Penais do Piau\u00ed (Sinpoljuspi) e pela Secretaria de Justi\u00e7a.&nbsp;<\/p>\n\n\n\n<p>De acordo com o secret\u00e1rio de Justi\u00e7a, Carlos Edilson, os presos fugiram da unidade prisional pela parte de cima do Pavilh\u00e3o I. Um procedimento administrativo vai ser aberto ainda na manh\u00e3 de hoje para apurar as circust\u00e2ncias da fuga e se houve algum tipo de facilita\u00e7\u00e3o pelos policiais penais que estavam de plant\u00e3o.&nbsp;<\/p>\n\n\n\n<p>&#8220;Eu irei, agora pela manh\u00e3, abrir esse procedimento para entender o que aconteceu. A&nbsp; Casa de Cust\u00f3dia estava h\u00e1 mais de dois anos sem nenhuma entrada de objeto il\u00edcito, mais de um ano sem fugas, sem entrada de drogas, aparelho celular. Alguma falha no procedimento ocorreu&#8221;, disse o secret\u00e1rio ao&nbsp;<em>Cidadeverde.com.<\/em><\/p>\n\n\n\n<p>Ainda de acordo com Carlos Edilson, equipes da Pol\u00edcia Militar e do grupamento Rondas Ostensivas de Car\u00e1ter Prisional (Rocap) j\u00e1 est\u00e3o nas ruas em busca dos fugitivos. At\u00e9 o momento, nenhum deles foi recapturado. &#8220;J\u00e1 temos policiais nos endere\u00e7os ligados a cada um deles&#8221;, informou.&nbsp;<\/p>\n\n\n\n<p><strong>Est\u00e3o foragidos:&nbsp;<\/strong><\/p>\n\n\n\n<ul><li>Luiz Andr\u00e9 Evangelista de Santana<\/li><li>Wesley Vieira de Castro<\/li><li>Alesson Monteiro de Sena<\/li><li>Carlos Ac\u00e1cio Freitas dos Santos<\/li><li>Jos\u00e9 Danilo Oliveira Silva<\/li><li>Nilton C\u00e9sar Silva Aguiar<\/li><li>Claudiano Sousa Santos<\/li><li>Francisco Assis de Sousa<\/li><li>Francisco Daniel de Sousa Martins<\/li><li>Adriano de Sousa Moura.<\/li><\/ul>\n\n\n\n<p>Entre os fugitivos, est\u00e1 Nilton C\u00e9sar Silva Aguiar,&nbsp;<a href=\"https:\/\/cidadeverde.com\/noticias\/207400\/policial-e-alvejado-com-8-tiros-ao-parar-em-sinal-na-barao-de-gurgueia\">acusado de matar o policial militar Erivan Mesquita Silva, o cabo Mesquita<\/a>. O crime ocorreu em novembro de 2015, na zona Sul de Teresina.&nbsp;<\/p>\n\n\n\n<p><strong>Confira a nota da Sejus:&nbsp;<\/strong><\/p>\n\n\n\n<blockquote class=\"wp-block-quote\"><p>NOTA<\/p><p>A Ger\u00eancia da Penitenci\u00e1ria Prof. Jos\u00e9 Ribamar Leite, em Teresina, informa que, na madrugada desta ter\u00e7a-feira (5), 10 presos fugiram do pavilh\u00e3o I da unidade penal. Os foragidos s\u00e3o: Luiz Andr\u00e9 Evangelista de Santana, Wesley Vieira de Castro, Alesson Monteiro de Sena, Carlos Ac\u00e1cio Freitas dos Santos, Jos\u00e9 Danilo Oliveira Silva, Nilton C\u00e9sar Silva Aguiar, Claudiano Sousa Santos, Francisco Assis de Sousa, Francisco Daniel de Sousa Martins e Adriano de Sousa Moura.<\/p><p><br>A Sejus ressalta que a unidade est\u00e1 h\u00e1 mais de dois anos sem a entrada de qualquer material il\u00edcito em suas depend\u00eancias como droga e celular, gra\u00e7as aos protocolos de seguran\u00e7a adotados no local e, tamb\u00e9m, estava h\u00e1 mais de 1 ano sem registro de fuga no local. A Sejus ir\u00e1 apurar o ocorrido desta madrugada e informa tamb\u00e9m que as for\u00e7as de seguran\u00e7a do Estado j\u00e1 est\u00e3o em dilig\u00eancias para as recapturas dos presos.<\/p><\/blockquote>\n\n\n\n<p><strong>Fonte: Natanael Souza\/ Cidade Verde<\/strong><\/p>\n","protected":false},"excerpt":{"rendered":"<p>Pelo menos 10 presos fugiram na madrugada desta ter\u00e7a-feira (05) de um dos pavilh\u00f5es da penitenci\u00e1ria Jos\u00e9 de Ribamar Leite, a Casa de Cust\u00f3dia, na zona Sul de Teresina. A informa\u00e7\u00e3o foi confirmada pelo Sindicato dos Policiais Penais do Piau\u00ed (Sinpoljuspi) e pela Secretaria de Justi\u00e7a.&nbsp; De acordo com o secret\u00e1rio de Justi\u00e7a, Carlos Edilson, [&hellip;]<\/p>\n","protected":false},"author":1,"featured_media":32439,"comment_status":"open","ping_status":"open","sticky":false,"template":"","format":"standard","meta":{"beyondwords_generate_audio":"","beyondwords_project_id":"","beyondwords_podcast_id":"","beyondwords_hash":"","beyondwords_error_message":"","beyondwords_disabled":"","publish_post_to_speechkit":"","speechkit_generate_audio":"","speechkit_project_id":"","speechkit_podcast_id":"","speechkit_hash":"","speechkit_error_message":"","speechkit_disabled":"","speechkit_access_key":"","speechkit_error":"","speechkit_info":"","speechkit_response":"","speechkit_retries":"","_speechkit_link":"","_speechkit_text":""},"categories":[51,78,81],"tags":[149,7966,44,6509,45,1887,6261,52,600],"jetpack_featured_media_url":"","_links":{"self":[{"href":"https:\/\/pinews.com.br\/index.php\/wp-json\/wp\/v2\/posts\/32666"}],"collection":[{"href":"https:\/\/pinews.com.br\/index.php\/wp-json\/wp\/v2\/posts"}],"about":[{"href":"https:\/\/pinews.com.br\/index.php\/wp-json\/wp\/v2\/types\/post"}],"author":[{"embeddable":true,"href":"https:\/\/pinews.com.br\/index.php\/wp-json\/wp\/v2\/users\/1"}],"replies":[{"embeddable":true,"href":"https:\/\/pinews.com.br\/index.php\/wp-json\/wp\/v2\/comments?post=32666"}],"version-history":[{"count":0,"href":"https:\/\/pinews.com.br\/index.php\/wp-json\/wp\/v2\/posts\/32666\/revisions"}],"wp:featuredmedia":[{"embeddable":true,"href":"https:\/\/pinews.com.br\/index.php\/wp-json\/"}],"wp:attachment":[{"href":"https:\/\/pinews.com.br\/index.php\/wp-json\/wp\/v2\/media?parent=32666"}],"wp:term":[{"taxonomy":"category","embeddable":true,"href":"https:\/\/pinews.com.br\/index.php\/wp-json\/wp\/v2\/categories?post=32666"},{"taxonomy":"post_tag","embeddable":true,"href":"https:\/\/pinews.com.br\/index.php\/wp-json\/wp\/v2\/tags?post=32666"}],"curies":[{"name":"wp","href":"https:\/\/api.w.org\/{rel}","templated":true}]}}