{"id":32674,"date":"2022-04-05T20:29:44","date_gmt":"2022-04-05T23:29:44","guid":{"rendered":"https:\/\/pinews.com.br\/?p=32466"},"modified":"2022-04-05T20:29:44","modified_gmt":"2022-04-05T23:29:44","slug":"empresario-e-preso-por-nao-pagar-pensao-alimenticia-no-norte-do-piaui","status":"publish","type":"post","link":"https:\/\/pinews.com.br\/index.php\/2022\/04\/05\/empresario-e-preso-por-nao-pagar-pensao-alimenticia-no-norte-do-piaui\/","title":{"rendered":"Empres\u00e1rio \u00e9 preso por n\u00e3o pagar pens\u00e3o aliment\u00edcia no Norte do Piau\u00ed"},"content":{"rendered":"\n<p>Um empres\u00e1rio, ainda n\u00e3o identificado, foi preso nesta ter\u00e7a-feira (05) pela Pol\u00edcia Rodovi\u00e1ria Federal na BR 343, no munic\u00edpio de Piripiri, Norte do Piau\u00ed. O homem estava foragido da Justi\u00e7a do estado do Rio de Janeiro. <\/p>\n\n\n\n<p>O empres\u00e1rio, de 60 anos, tinha contra si um mandado de pris\u00e3o, expedido pela 1\u00aa Vara de Fam\u00edlia Regional da Barra da Tijuca &#8211; Tribunal de Justi\u00e7a do Estado do Rio de Janeiro pelo n\u00e3o pagamento de pens\u00e3o aliment\u00edcia.<\/p>\n\n\n\n<p>O flagrante foi registrado quando o ve\u00edculo Strada, conduzido por um terceiro, foi abordado pelos policiais na BR 343, em Piripiri. Durante consulta aos sistemas, foi constatado que o propriet\u00e1rio possu\u00eda em seu desfavor um mandado de pris\u00e3o expedido em 24\/01\/2022, na cidade do Rio de Janeiro.<\/p>\n\n\n\n<p>Diante dos fatos, o propriet\u00e1rio foi detido e encaminhado \u00e0 Pol\u00edcia Civil de Piripiri para a ado\u00e7\u00e3o das medidas cab\u00edveis e cumprimento do mandado.<\/p>\n\n\n\n<p><strong>Fonte: Meio Norte\/ As informa\u00e7\u00f5es s\u00e3o da PRF<\/strong><\/p>\n","protected":false},"excerpt":{"rendered":"<p>Um empres\u00e1rio, ainda n\u00e3o identificado, foi preso nesta ter\u00e7a-feira (05) pela Pol\u00edcia Rodovi\u00e1ria Federal na BR 343, no munic\u00edpio de Piripiri, Norte do Piau\u00ed. O homem estava foragido da Justi\u00e7a do estado do Rio de Janeiro. O empres\u00e1rio, de 60 anos, tinha contra si um mandado de pris\u00e3o, expedido pela 1\u00aa Vara de Fam\u00edlia Regional [&hellip;]<\/p>\n","protected":false},"author":1,"featured_media":32467,"comment_status":"open","ping_status":"open","sticky":false,"template":"","format":"standard","meta":{"beyondwords_generate_audio":"","beyondwords_project_id":"","beyondwords_podcast_id":"","beyondwords_hash":"","beyondwords_error_message":"","beyondwords_disabled":"","publish_post_to_speechkit":"","speechkit_generate_audio":"","speechkit_project_id":"","speechkit_podcast_id":"","speechkit_hash":"","speechkit_error_message":"","speechkit_disabled":"","speechkit_access_key":"","speechkit_error":"","speechkit_info":"","speechkit_response":"","speechkit_retries":"","_speechkit_link":"","_speechkit_text":""},"categories":[51,78],"tags":[9645,72,152,653,337,5712,1772,52,59,79],"jetpack_featured_media_url":"","_links":{"self":[{"href":"https:\/\/pinews.com.br\/index.php\/wp-json\/wp\/v2\/posts\/32674"}],"collection":[{"href":"https:\/\/pinews.com.br\/index.php\/wp-json\/wp\/v2\/posts"}],"about":[{"href":"https:\/\/pinews.com.br\/index.php\/wp-json\/wp\/v2\/types\/post"}],"author":[{"embeddable":true,"href":"https:\/\/pinews.com.br\/index.php\/wp-json\/wp\/v2\/users\/1"}],"replies":[{"embeddable":true,"href":"https:\/\/pinews.com.br\/index.php\/wp-json\/wp\/v2\/comments?post=32674"}],"version-history":[{"count":0,"href":"https:\/\/pinews.com.br\/index.php\/wp-json\/wp\/v2\/posts\/32674\/revisions"}],"wp:featuredmedia":[{"embeddable":true,"href":"https:\/\/pinews.com.br\/index.php\/wp-json\/"}],"wp:attachment":[{"href":"https:\/\/pinews.com.br\/index.php\/wp-json\/wp\/v2\/media?parent=32674"}],"wp:term":[{"taxonomy":"category","embeddable":true,"href":"https:\/\/pinews.com.br\/index.php\/wp-json\/wp\/v2\/categories?post=32674"},{"taxonomy":"post_tag","embeddable":true,"href":"https:\/\/pinews.com.br\/index.php\/wp-json\/wp\/v2\/tags?post=32674"}],"curies":[{"name":"wp","href":"https:\/\/api.w.org\/{rel}","templated":true}]}}