{"id":32675,"date":"2022-04-05T20:32:42","date_gmt":"2022-04-05T23:32:42","guid":{"rendered":"https:\/\/pinews.com.br\/?p=32469"},"modified":"2022-04-05T20:32:42","modified_gmt":"2022-04-05T23:32:42","slug":"policia-militar-de-picos-prende-soldado-do-3o-bec-com-59-involucros-de-maconha","status":"publish","type":"post","link":"https:\/\/pinews.com.br\/index.php\/2022\/04\/05\/policia-militar-de-picos-prende-soldado-do-3o-bec-com-59-involucros-de-maconha\/","title":{"rendered":"Policia Militar de Picos prende soldado do 3\u00ba BEC com 59 inv\u00f3lucros de maconha"},"content":{"rendered":"\n<p>A Pol\u00edcia Militar de Picos prendeu, nessa segunda-feira (4), um homem identificado pelas iniciais K.M.F.A. por tr\u00e1fico de drogas. O suspeito foi flagrado com subst\u00e2ncias an\u00e1logas a maconha no bairro Conduru.<\/p>\n\n\n\n<p>Segundo informa\u00e7\u00f5es da PM, a guarni\u00e7\u00e3o foi acionada at\u00e9 ao bairro Conduru e ao chegar no local localizou o suspeito. Durante abordagem, os policiais encontraram em posse de K. M.F.A. 59 inv\u00f3lucros de subst\u00e2ncia an\u00e1loga a maconha, um aparelho celular da marca Motorola e R$ 50 em esp\u00e9cie.<\/p>\n\n\n\n<p>A pol\u00edcia informou ainda que diante do flagrante o suspeito foi conduzido \u00e0 Central de Flagrantes para os procedimentos cab\u00edveis.<\/p>\n\n\n\n<p><strong>Soldado do 3\u00ba BEC<\/strong><\/p>\n\n\n\n<p>O homem preso pela PM \u00e9 soldado do 3\u00ba Batalh\u00e3o de Engenharia de Constru\u00e7\u00e3o (3\u00ba BEC).<\/p>\n\n\n\n<p>Em nota, o 3\u00ba BEC informou que o militar est\u00e1 preso na sede do Batalh\u00e3o e se encontra \u00e0 disposi\u00e7\u00e3o da justi\u00e7a.<\/p>\n\n\n\n<p>A nota diz ainda que o Batalh\u00e3o, neste momento, trabalha nas medidas administrativas decorrentes e colabora com as autoridades legais para elucida\u00e7\u00e3o do caso.<\/p>\n\n\n\n<p><strong>Fonte: Riach\u00e3o Net<\/strong><\/p>\n","protected":false},"excerpt":{"rendered":"<p>A Pol\u00edcia Militar de Picos prendeu, nessa segunda-feira (4), um homem identificado pelas iniciais K.M.F.A. por tr\u00e1fico de drogas. O suspeito foi flagrado com subst\u00e2ncias an\u00e1logas a maconha no bairro Conduru. Segundo informa\u00e7\u00f5es da PM, a guarni\u00e7\u00e3o foi acionada at\u00e9 ao bairro Conduru e ao chegar no local localizou o suspeito. Durante abordagem, os policiais [&hellip;]<\/p>\n","protected":false},"author":1,"featured_media":32470,"comment_status":"open","ping_status":"open","sticky":false,"template":"","format":"standard","meta":{"beyondwords_generate_audio":"","beyondwords_project_id":"","beyondwords_podcast_id":"","beyondwords_hash":"","beyondwords_error_message":"","beyondwords_disabled":"","publish_post_to_speechkit":"","speechkit_generate_audio":"","speechkit_project_id":"","speechkit_podcast_id":"","speechkit_hash":"","speechkit_error_message":"","speechkit_disabled":"","speechkit_access_key":"","speechkit_error":"","speechkit_info":"","speechkit_response":"","speechkit_retries":"","_speechkit_link":"","_speechkit_text":""},"categories":[51,126,78],"tags":[9348,9702,5995,44,10074,465,1349,125,466,112,5998],"jetpack_featured_media_url":"","_links":{"self":[{"href":"https:\/\/pinews.com.br\/index.php\/wp-json\/wp\/v2\/posts\/32675"}],"collection":[{"href":"https:\/\/pinews.com.br\/index.php\/wp-json\/wp\/v2\/posts"}],"about":[{"href":"https:\/\/pinews.com.br\/index.php\/wp-json\/wp\/v2\/types\/post"}],"author":[{"embeddable":true,"href":"https:\/\/pinews.com.br\/index.php\/wp-json\/wp\/v2\/users\/1"}],"replies":[{"embeddable":true,"href":"https:\/\/pinews.com.br\/index.php\/wp-json\/wp\/v2\/comments?post=32675"}],"version-history":[{"count":0,"href":"https:\/\/pinews.com.br\/index.php\/wp-json\/wp\/v2\/posts\/32675\/revisions"}],"wp:featuredmedia":[{"embeddable":true,"href":"https:\/\/pinews.com.br\/index.php\/wp-json\/"}],"wp:attachment":[{"href":"https:\/\/pinews.com.br\/index.php\/wp-json\/wp\/v2\/media?parent=32675"}],"wp:term":[{"taxonomy":"category","embeddable":true,"href":"https:\/\/pinews.com.br\/index.php\/wp-json\/wp\/v2\/categories?post=32675"},{"taxonomy":"post_tag","embeddable":true,"href":"https:\/\/pinews.com.br\/index.php\/wp-json\/wp\/v2\/tags?post=32675"}],"curies":[{"name":"wp","href":"https:\/\/api.w.org\/{rel}","templated":true}]}}