{"id":32684,"date":"2022-04-06T16:35:12","date_gmt":"2022-04-06T19:35:12","guid":{"rendered":"https:\/\/pinews.com.br\/?p=32497"},"modified":"2022-04-06T16:35:12","modified_gmt":"2022-04-06T19:35:12","slug":"residencia-desaba-em-picos-e-fere-idoso","status":"publish","type":"post","link":"https:\/\/pinews.com.br\/index.php\/2022\/04\/06\/residencia-desaba-em-picos-e-fere-idoso\/","title":{"rendered":"Resid\u00eancia desaba em Picos e fere idoso"},"content":{"rendered":"\n<p>Uma resid\u00eancia, onde morava um casal de idosos, desabou na noite da \u00faltima ter\u00e7a-feira (05) no bairro Aerol\u00e2ndia, em Picos. Na ocasi\u00e3o, o senhor Jos\u00e9 Reinaldo da Silva, de 65 anos, sofreu ferimentos leves, mas foi atendido pelo Servi\u00e7o M\u00f3vel de Urg\u00eancia (Samu) encaminhado para o Hospital Regional Justino Luz.<\/p>\n\n\n\n<p>Na manh\u00e3 desta quarta-feira (06), equipes da Prefeitura de Picos foram ao local para avaliar as poss\u00edveis causas do acidente e as condi\u00e7\u00f5es estruturais do imovel. A \u00e1rea foi isolada ap\u00f3s avalia\u00e7\u00e3o dos t\u00e9cnicos, que considerou o imovel impr\u00f3prio para habita\u00e7\u00e3o e orientou a sua demoli\u00e7\u00e3o e reconstru\u00e7\u00e3o.<\/p>\n\n\n\n<p>\u201cO prefeito determinou que isol\u00e1ssemos a \u00e1rea para avaliar o ocorrido e garantir toda a assist\u00eancia para a fam\u00edlia. Estamos procurando uma resid\u00eancia para abrigarmos o casal numa casa de aluguel ou numa pousada. O segundo passo \u00e9 retirar todos os m\u00f3veis da casa, demolir a resid\u00eancia e reconstru\u00ed-la\u201d, disse Jo\u00e3o Ara\u00fajo, secret\u00e1rio de Defesa Civil.<\/p>\n\n\n\n<p>Por sua vez, representantes da Secretaria de Assist\u00eancia Social colheram os dados dos dois idosos para dar in\u00edcio aos procedimentos assistenciais. \u201cAgora, faremos um relat\u00f3rio, e com base nisso, vamos procurar um lugar seguro para que eles tenham assist\u00eancia. O aluguel social est\u00e1 garantido durante quatro meses\u201d, pontuou Francisca Borges, gestora da pasta.<\/p>\n\n\n\n<p><strong>Fonte: Breno Moreno\/ Cidade Verde\/ Com informa\u00e7\u00f5es da Prefeitura de Picos<\/strong><\/p>\n","protected":false},"excerpt":{"rendered":"<p>Uma resid\u00eancia, onde morava um casal de idosos, desabou na noite da \u00faltima ter\u00e7a-feira (05) no bairro Aerol\u00e2ndia, em Picos. Na ocasi\u00e3o, o senhor Jos\u00e9 Reinaldo da Silva, de 65 anos, sofreu ferimentos leves, mas foi atendido pelo Servi\u00e7o M\u00f3vel de Urg\u00eancia (Samu) encaminhado para o Hospital Regional Justino Luz. Na manh\u00e3 desta quarta-feira (06), [&hellip;]<\/p>\n","protected":false},"author":1,"featured_media":32498,"comment_status":"open","ping_status":"open","sticky":false,"template":"","format":"standard","meta":{"beyondwords_generate_audio":"","beyondwords_project_id":"","beyondwords_podcast_id":"","beyondwords_hash":"","beyondwords_error_message":"","beyondwords_disabled":"","publish_post_to_speechkit":"","speechkit_generate_audio":"","speechkit_project_id":"","speechkit_podcast_id":"","speechkit_hash":"","speechkit_error_message":"","speechkit_disabled":"","speechkit_access_key":"","speechkit_error":"","speechkit_info":"","speechkit_response":"","speechkit_retries":"","_speechkit_link":"","_speechkit_text":""},"categories":[51,126],"tags":[1654,46,1034,64,125,324],"jetpack_featured_media_url":"","_links":{"self":[{"href":"https:\/\/pinews.com.br\/index.php\/wp-json\/wp\/v2\/posts\/32684"}],"collection":[{"href":"https:\/\/pinews.com.br\/index.php\/wp-json\/wp\/v2\/posts"}],"about":[{"href":"https:\/\/pinews.com.br\/index.php\/wp-json\/wp\/v2\/types\/post"}],"author":[{"embeddable":true,"href":"https:\/\/pinews.com.br\/index.php\/wp-json\/wp\/v2\/users\/1"}],"replies":[{"embeddable":true,"href":"https:\/\/pinews.com.br\/index.php\/wp-json\/wp\/v2\/comments?post=32684"}],"version-history":[{"count":0,"href":"https:\/\/pinews.com.br\/index.php\/wp-json\/wp\/v2\/posts\/32684\/revisions"}],"wp:featuredmedia":[{"embeddable":true,"href":"https:\/\/pinews.com.br\/index.php\/wp-json\/"}],"wp:attachment":[{"href":"https:\/\/pinews.com.br\/index.php\/wp-json\/wp\/v2\/media?parent=32684"}],"wp:term":[{"taxonomy":"category","embeddable":true,"href":"https:\/\/pinews.com.br\/index.php\/wp-json\/wp\/v2\/categories?post=32684"},{"taxonomy":"post_tag","embeddable":true,"href":"https:\/\/pinews.com.br\/index.php\/wp-json\/wp\/v2\/tags?post=32684"}],"curies":[{"name":"wp","href":"https:\/\/api.w.org\/{rel}","templated":true}]}}