{"id":32690,"date":"2022-04-07T10:23:37","date_gmt":"2022-04-07T13:23:37","guid":{"rendered":"https:\/\/pinews.com.br\/?p=32518"},"modified":"2022-04-07T10:23:37","modified_gmt":"2022-04-07T13:23:37","slug":"prf-prende-jovem-e-apreende-carga-de-eletronicos-sem-nota-fiscal-em-picos","status":"publish","type":"post","link":"https:\/\/pinews.com.br\/index.php\/2022\/04\/07\/prf-prende-jovem-e-apreende-carga-de-eletronicos-sem-nota-fiscal-em-picos\/","title":{"rendered":"PRF prende jovem e apreende carga de eletr\u00f4nicos sem nota fiscal em Picos"},"content":{"rendered":"\n<p>Policiais Rodovi\u00e1rios Federais realizaram, na tarde de hoje (06), a apreens\u00e3o de uma carga de eletr\u00f4nicos. A a\u00e7\u00e3o aconteceu na cidade de Picos\/PI na BR 316.<\/p>\n\n\n\n<p>Os policiais estavam realizando fiscaliza\u00e7\u00e3o de rotina, quando abordaram o ve\u00edculo conduzido por um homem de 24 anos natural de Crato\/CE. No banco de tr\u00e1s, os policiais observaram malas e caixas que o condutor informou que eram roupas e que estaria indo visitar a fam\u00edlia.<\/p>\n\n\n\n<p>No decorrer da fiscaliza\u00e7\u00e3o, o condutor confessou que havia tamb\u00e9m aparelhos eletr\u00f4nicos, os quais teria adquirido no centro de Juazeiro do Norte \/CE e que n\u00e3o possu\u00eda nota fiscal que comprovasse a entrada de forma legal no pa\u00eds. Foram encontrados: 700 pel\u00edculas, 14 fones Redmi, 9 fones Airpods, 40 Cabos USBC Lightning, 99 Cabos Lightning, 100 Fontes de carregamento tipo Power, 100 Fontes Comuns, 18 Fones com Fio e 5 Carregadores sem Fio. A carga teria como destino a cidade de Cod\u00f3\/MA.<\/p>\n\n\n\n<figure class=\"wp-block-image\"><img decoding=\"async\" src=\"https:\/\/www.gov.br\/prf\/pt-br\/noticias\/estaduais\/piaui\/abril-2022\/homem-e-preso-pela-prf-em-picos-pelo-crime-de-descaminho-de-produtos-eletronicos\/WhatsAppImage20220406at16.48.08.jpeg\/@@images\/569c1f3a-8bf3-4ab2-8a19-087c67945e25.jpeg\" alt=\"\"\/><figcaption>Foto: Reprodu\u00e7\u00e3o<\/figcaption><\/figure>\n\n\n\n<p>Diante disso, o condutor e a mercadoria foram encaminhados para a Pol\u00edcia Civil no munic\u00edpio de Picos\/PI para os procedimentos que o caso requer. Ele dever\u00e1 responder pelo crime de Descaminho.<\/p>\n\n\n\n<p><strong>Fonte: PRF<\/strong><\/p>\n","protected":false},"excerpt":{"rendered":"<p>Policiais Rodovi\u00e1rios Federais realizaram, na tarde de hoje (06), a apreens\u00e3o de uma carga de eletr\u00f4nicos. A a\u00e7\u00e3o aconteceu na cidade de Picos\/PI na BR 316. Os policiais estavam realizando fiscaliza\u00e7\u00e3o de rotina, quando abordaram o ve\u00edculo conduzido por um homem de 24 anos natural de Crato\/CE. No banco de tr\u00e1s, os policiais observaram malas [&hellip;]<\/p>\n","protected":false},"author":1,"featured_media":32519,"comment_status":"open","ping_status":"open","sticky":false,"template":"","format":"standard","meta":{"beyondwords_generate_audio":"","beyondwords_project_id":"","beyondwords_podcast_id":"","beyondwords_hash":"","beyondwords_error_message":"","beyondwords_disabled":"","publish_post_to_speechkit":"","speechkit_generate_audio":"","speechkit_project_id":"","speechkit_podcast_id":"","speechkit_hash":"","speechkit_error_message":"","speechkit_disabled":"","speechkit_access_key":"","speechkit_error":"","speechkit_info":"","speechkit_response":"","speechkit_retries":"","_speechkit_link":"","_speechkit_text":""},"categories":[51,126,78],"tags":[105,100,44,5360,46,1591,266,6354,125,112,104,975],"jetpack_featured_media_url":"","_links":{"self":[{"href":"https:\/\/pinews.com.br\/index.php\/wp-json\/wp\/v2\/posts\/32690"}],"collection":[{"href":"https:\/\/pinews.com.br\/index.php\/wp-json\/wp\/v2\/posts"}],"about":[{"href":"https:\/\/pinews.com.br\/index.php\/wp-json\/wp\/v2\/types\/post"}],"author":[{"embeddable":true,"href":"https:\/\/pinews.com.br\/index.php\/wp-json\/wp\/v2\/users\/1"}],"replies":[{"embeddable":true,"href":"https:\/\/pinews.com.br\/index.php\/wp-json\/wp\/v2\/comments?post=32690"}],"version-history":[{"count":0,"href":"https:\/\/pinews.com.br\/index.php\/wp-json\/wp\/v2\/posts\/32690\/revisions"}],"wp:featuredmedia":[{"embeddable":true,"href":"https:\/\/pinews.com.br\/index.php\/wp-json\/"}],"wp:attachment":[{"href":"https:\/\/pinews.com.br\/index.php\/wp-json\/wp\/v2\/media?parent=32690"}],"wp:term":[{"taxonomy":"category","embeddable":true,"href":"https:\/\/pinews.com.br\/index.php\/wp-json\/wp\/v2\/categories?post=32690"},{"taxonomy":"post_tag","embeddable":true,"href":"https:\/\/pinews.com.br\/index.php\/wp-json\/wp\/v2\/tags?post=32690"}],"curies":[{"name":"wp","href":"https:\/\/api.w.org\/{rel}","templated":true}]}}