{"id":32691,"date":"2022-04-07T10:26:30","date_gmt":"2022-04-07T13:26:30","guid":{"rendered":"https:\/\/pinews.com.br\/?p=32521"},"modified":"2022-04-07T10:26:30","modified_gmt":"2022-04-07T13:26:30","slug":"passageiro-e-preso-suspeito-de-importunacao-sexual-contra-jovem-em-metro-no-piaui","status":"publish","type":"post","link":"https:\/\/pinews.com.br\/index.php\/2022\/04\/07\/passageiro-e-preso-suspeito-de-importunacao-sexual-contra-jovem-em-metro-no-piaui\/","title":{"rendered":"Passageiro \u00e9 preso suspeito de importuna\u00e7\u00e3o sexual contra jovem em metr\u00f4 no Piau\u00ed"},"content":{"rendered":"\n<p>Um homem foi preso em flagrante na manh\u00e3 desta quinta-feira (07) suspeito de importuna\u00e7\u00e3o sexual contra uma jovem em um dos vag\u00f5es do metr\u00f4 de Teresina. O caso aconteceu por volta das 7h40, durante o trajeto entre a zona Sudeste e o Centro da capital.<\/p>\n\n\n\n<p>Segundo informa\u00e7\u00f5es do 1\u00ba Batalh\u00e3o da Pol\u00edcia Militar, testemunhas relataram que o suspeito estava se masturbando dentro do vag\u00e3o.&nbsp;<\/p>\n\n\n\n<p>\u201cSegundo testemunhas, esse indiv\u00edduo estava se masturbando ao ver uma mulher dentro do metr\u00f4, de aproximadamente 28 anos, e parece que ele teve um descontrole\u201d, explicou o cabo Elenilson de Jesus.&nbsp;<\/p>\n\n\n\n<p>De acordo com a Companhia Metropolitana de Transporte P\u00fablico (CMTP), ap\u00f3s a v\u00edtima denunciar o caso, outros passageiros imobilizaram o suspeito, que foi preso em flagrante na esta\u00e7\u00e3o da Frei Serafim, no Centro.&nbsp;<\/p>\n\n\n\n<p>\u201cChegando l\u00e1, j\u00e1 se encontrava uma sargento da PM e n\u00f3s fizemos a pris\u00e3o do mesmo\u201d acrescentou o cabo do 1\u00ba BPM.&nbsp;<\/p>\n\n\n\n<p>O suspeito foi levado para a Central de Flagrantes por equipes do 1\u00ba Batalh\u00e3o da Pol\u00edcia Militar.&nbsp;<\/p>\n\n\n\n<p>Bastante abalada, a v\u00edtima foi amparada por outros passageiros e precisou ser atendida pelo Servi\u00e7o de Atendimento M\u00e9dico de Urg\u00eancia (SAMU).<\/p>\n\n\n\n<p>\u201cA v\u00edtima passou mal e foi conduzida ao hospital pelo SAMU. O marido dela foi acionado, chegou no momento e foi para o hospital com ela. Ap\u00f3s ser medicada no hospital, ela ser\u00e1 redirecionada aqui para a Central para a gente fazer o procedimento\u201d, ressaltou o cabo Elenilson de Jesus.<\/p>\n\n\n\n<p>O policial informou tamb\u00e9m que o suspeito disse ser motorista de aplicativo e negou as acusa\u00e7\u00f5es. Testemunhas do caso dever\u00e3o depor na Central de Flagrantes.&nbsp;<\/p>\n\n\n\n<p>\u201cEle nega a acusa\u00e7\u00e3o, diz que \u00e9 motorista de aplicativo, tem aproximadamente 29 anos, mas tem testemunhas, inclusive o vizinho dela, que \u00e9 usu\u00e1rio do metr\u00f4, estava com ela e vai ser testemunha\u201d, finalizou o PM.<\/p>\n\n\n\n<p><strong>Fonte: Flash Rebeca Lima\/ Cidade Verde<\/strong><\/p>\n","protected":false},"excerpt":{"rendered":"<p>Um homem foi preso em flagrante na manh\u00e3 desta quinta-feira (07) suspeito de importuna\u00e7\u00e3o sexual contra uma jovem em um dos vag\u00f5es do metr\u00f4 de Teresina. O caso aconteceu por volta das 7h40, durante o trajeto entre a zona Sudeste e o Centro da capital. Segundo informa\u00e7\u00f5es do 1\u00ba Batalh\u00e3o da Pol\u00edcia Militar, testemunhas relataram [&hellip;]<\/p>\n","protected":false},"author":1,"featured_media":32522,"comment_status":"open","ping_status":"open","sticky":false,"template":"","format":"standard","meta":{"beyondwords_generate_audio":"","beyondwords_project_id":"","beyondwords_podcast_id":"","beyondwords_hash":"","beyondwords_error_message":"","beyondwords_disabled":"","publish_post_to_speechkit":"","speechkit_generate_audio":"","speechkit_project_id":"","speechkit_podcast_id":"","speechkit_hash":"","speechkit_error_message":"","speechkit_disabled":"","speechkit_access_key":"","speechkit_error":"","speechkit_info":"","speechkit_response":"","speechkit_retries":"","_speechkit_link":"","_speechkit_text":""},"categories":[51,78,81],"tags":[294,44,72,46,2065,266,217,669,52,79,1392,130],"jetpack_featured_media_url":"","_links":{"self":[{"href":"https:\/\/pinews.com.br\/index.php\/wp-json\/wp\/v2\/posts\/32691"}],"collection":[{"href":"https:\/\/pinews.com.br\/index.php\/wp-json\/wp\/v2\/posts"}],"about":[{"href":"https:\/\/pinews.com.br\/index.php\/wp-json\/wp\/v2\/types\/post"}],"author":[{"embeddable":true,"href":"https:\/\/pinews.com.br\/index.php\/wp-json\/wp\/v2\/users\/1"}],"replies":[{"embeddable":true,"href":"https:\/\/pinews.com.br\/index.php\/wp-json\/wp\/v2\/comments?post=32691"}],"version-history":[{"count":0,"href":"https:\/\/pinews.com.br\/index.php\/wp-json\/wp\/v2\/posts\/32691\/revisions"}],"wp:featuredmedia":[{"embeddable":true,"href":"https:\/\/pinews.com.br\/index.php\/wp-json\/"}],"wp:attachment":[{"href":"https:\/\/pinews.com.br\/index.php\/wp-json\/wp\/v2\/media?parent=32691"}],"wp:term":[{"taxonomy":"category","embeddable":true,"href":"https:\/\/pinews.com.br\/index.php\/wp-json\/wp\/v2\/categories?post=32691"},{"taxonomy":"post_tag","embeddable":true,"href":"https:\/\/pinews.com.br\/index.php\/wp-json\/wp\/v2\/tags?post=32691"}],"curies":[{"name":"wp","href":"https:\/\/api.w.org\/{rel}","templated":true}]}}