{"id":32716,"date":"2022-04-09T11:26:11","date_gmt":"2022-04-09T14:26:11","guid":{"rendered":"https:\/\/pinews.com.br\/?p=32611"},"modified":"2022-04-09T11:26:11","modified_gmt":"2022-04-09T14:26:11","slug":"jovem-tem-surto-psicotico-e-mata-o-proprio-irmao-a-facadas-no-piaui","status":"publish","type":"post","link":"https:\/\/pinews.com.br\/index.php\/2022\/04\/09\/jovem-tem-surto-psicotico-e-mata-o-proprio-irmao-a-facadas-no-piaui\/","title":{"rendered":"Jovem tem surto psic\u00f3tico e mata o pr\u00f3prio irm\u00e3o a facadas no Piau\u00ed"},"content":{"rendered":"\n<p>Um homem identificado apenas como Ronaldo, de 31 anos, foi morto com um golpe de faca no peito na noite de sexta-feira (08), em Pedro II. O acusado de cometer o crime foi identificado como Leduan, de 25 anos, que \u00e9 irm\u00e3o da v\u00edtima e sofre de problemas psicol\u00f3gicos e teria entrado em surto psic\u00f3tico durante o crime.<\/p>\n\n\n\n<p>De acordo com a Pol\u00edcia Militar, Leduan e Ronaldo estavam dentro da loja de lapida\u00e7\u00e3o de joias de opala da fam\u00edlia quando ocorreu a trag\u00e9dia. O PM Ramirez informou que logo depois de matar o irm\u00e3o, Leduan fugiu para sua casa.<\/p>\n\n\n\n<p>Segundo a pol\u00edcia, Leduan n\u00e3o reagiu a voz de pris\u00e3o foi algemado e conduzido a delegacia para os procedimentos legais. A pol\u00edcia afirmou que o acusado foi indagado acerca da faca utilizada no crime, mas ele n\u00e3o soube precisar onde estaria.<\/p>\n\n\n\n<p>Segundo o policial Ramirez a faca foi encontrada no local onde ocorreu a trag\u00e9dia e foi recolhida para per\u00edcia criminal. O golpe desferido atingiu segundo a pol\u00edcia o peito da v\u00edtima levando-o a morte.<\/p>\n\n\n\n<figure class=\"wp-block-image\"><img decoding=\"async\" src=\"https:\/\/static.meionorte.com\/uploads\/imagens\/2022\/4\/9\/jovem-tem-surto-psicotico-e-mata-proprio-irmao-a-facadas-em-pedro-ii-fcf5aa13-2ec8-452d-a773-5c0d435a139e.jpg\" alt=\"Populares acompanharam a pris\u00e3o do suspeito na porta da casa dos familiares \"\/><figcaption>Populares acompanharam a pris\u00e3o do suspeito na porta da casa dos familiares\/ Foto: Reprodu\u00e7\u00e3o<\/figcaption><\/figure>\n\n\n\n<p><strong>Fonte:<\/strong> <strong>FM Imperial<\/strong><\/p>\n","protected":false},"excerpt":{"rendered":"<p>Um homem identificado apenas como Ronaldo, de 31 anos, foi morto com um golpe de faca no peito na noite de sexta-feira (08), em Pedro II. O acusado de cometer o crime foi identificado como Leduan, de 25 anos, que \u00e9 irm\u00e3o da v\u00edtima e sofre de problemas psicol\u00f3gicos e teria entrado em surto psic\u00f3tico [&hellip;]<\/p>\n","protected":false},"author":1,"featured_media":32612,"comment_status":"open","ping_status":"open","sticky":false,"template":"","format":"standard","meta":{"beyondwords_generate_audio":"","beyondwords_project_id":"","beyondwords_podcast_id":"","beyondwords_hash":"","beyondwords_error_message":"","beyondwords_disabled":"","publish_post_to_speechkit":"","speechkit_generate_audio":"","speechkit_project_id":"","speechkit_podcast_id":"","speechkit_hash":"","speechkit_error_message":"","speechkit_disabled":"","speechkit_access_key":"","speechkit_error":"","speechkit_info":"","speechkit_response":"","speechkit_retries":"","_speechkit_link":"","_speechkit_text":""},"categories":[51,78],"tags":[479,1265,266,49,52,86,10091,7519,60],"jetpack_featured_media_url":"","_links":{"self":[{"href":"https:\/\/pinews.com.br\/index.php\/wp-json\/wp\/v2\/posts\/32716"}],"collection":[{"href":"https:\/\/pinews.com.br\/index.php\/wp-json\/wp\/v2\/posts"}],"about":[{"href":"https:\/\/pinews.com.br\/index.php\/wp-json\/wp\/v2\/types\/post"}],"author":[{"embeddable":true,"href":"https:\/\/pinews.com.br\/index.php\/wp-json\/wp\/v2\/users\/1"}],"replies":[{"embeddable":true,"href":"https:\/\/pinews.com.br\/index.php\/wp-json\/wp\/v2\/comments?post=32716"}],"version-history":[{"count":0,"href":"https:\/\/pinews.com.br\/index.php\/wp-json\/wp\/v2\/posts\/32716\/revisions"}],"wp:featuredmedia":[{"embeddable":true,"href":"https:\/\/pinews.com.br\/index.php\/wp-json\/wp\/v2\/posts\/32612"}],"wp:attachment":[{"href":"https:\/\/pinews.com.br\/index.php\/wp-json\/wp\/v2\/media?parent=32716"}],"wp:term":[{"taxonomy":"category","embeddable":true,"href":"https:\/\/pinews.com.br\/index.php\/wp-json\/wp\/v2\/categories?post=32716"},{"taxonomy":"post_tag","embeddable":true,"href":"https:\/\/pinews.com.br\/index.php\/wp-json\/wp\/v2\/tags?post=32716"}],"curies":[{"name":"wp","href":"https:\/\/api.w.org\/{rel}","templated":true}]}}