{"id":32718,"date":"2022-04-09T17:21:02","date_gmt":"2022-04-09T20:21:02","guid":{"rendered":"https:\/\/pinews.com.br\/?p=32617"},"modified":"2022-04-09T17:21:02","modified_gmt":"2022-04-09T20:21:02","slug":"motociclista-tem-fratura-exposta-na-perna-apos-acidente-no-piaui","status":"publish","type":"post","link":"https:\/\/pinews.com.br\/index.php\/2022\/04\/09\/motociclista-tem-fratura-exposta-na-perna-apos-acidente-no-piaui\/","title":{"rendered":"Motociclista tem fratura exposta na perna ap\u00f3s acidente no Piau\u00ed"},"content":{"rendered":"\n<p>Um acidente de tr\u00e2nsito foi registrado, por volta das 22h de sexta-feira (8), na Avenida 19 de Outubro, pr\u00f3ximo \u00e0 rotat\u00f3ria da rodovia BR-402, em Parna\u00edba.<\/p>\n\n\n\n<p>Um jovem n\u00e3o identificado, perdeu o controle da moto que andava e saiu da pista, ap\u00f3s a queda, ele sofreu uma fratura exposta na perna esquerda. <\/p>\n\n\n\n<p>Populares que passavam pelo local avistaram o jovem acenando com a lanterna do celular pedindo ajuda. A moto ficou com a frente totalmente destru\u00edda com o impacto.<\/p>\n\n\n\n<p>O Servi\u00e7o de Atendimento M\u00f3vel de Urg\u00eancia (SAMU) foi acionado e encaminhou a v\u00edtima, consciente, para o Hospital Estadual Dirceu Arcoverde (HEDA).<\/p>\n\n\n\n<figure class=\"wp-block-image\"><img decoding=\"async\" src=\"https:\/\/static.meionorte.com\/uploads\/imagens\/2022\/4\/9\/motociclista-tem-fratura-exposta-na-perna-apos-acidente-em-parnaiba-e32674ab-95b4-4c0f-8e0c-8be91f851a33.jpg\" alt=\"Motociclista tem fratura exposta na perna ap\u00f3s acidente em Parna\u00edba - Foto: Reprodu\u00e7\u00e3o\/Click Parna\u00edbaMotociclista tem fratura exposta na perna ap\u00f3s acidente em Parna\u00edba - Foto: Reprodu\u00e7\u00e3o\/Click Parna\u00edba\"\/><figcaption>Motociclista tem fratura exposta na perna ap\u00f3s acidente em Parna\u00edba &#8211; Foto: Reprodu\u00e7\u00e3o\/Click Parna\u00edba<\/figcaption><\/figure>\n\n\n\n<p><strong>Fonte: Click Parna\u00edba<\/strong><\/p>\n","protected":false},"excerpt":{"rendered":"<p>Um acidente de tr\u00e2nsito foi registrado, por volta das 22h de sexta-feira (8), na Avenida 19 de Outubro, pr\u00f3ximo \u00e0 rotat\u00f3ria da rodovia BR-402, em Parna\u00edba. Um jovem n\u00e3o identificado, perdeu o controle da moto que andava e saiu da pista, ap\u00f3s a queda, ele sofreu uma fratura exposta na perna esquerda. Populares que passavam [&hellip;]<\/p>\n","protected":false},"author":1,"featured_media":32618,"comment_status":"open","ping_status":"open","sticky":false,"template":"","format":"standard","meta":{"beyondwords_generate_audio":"","beyondwords_project_id":"","beyondwords_podcast_id":"","beyondwords_hash":"","beyondwords_error_message":"","beyondwords_disabled":"","publish_post_to_speechkit":"","speechkit_generate_audio":"","speechkit_project_id":"","speechkit_podcast_id":"","speechkit_hash":"","speechkit_error_message":"","speechkit_disabled":"","speechkit_access_key":"","speechkit_error":"","speechkit_info":"","speechkit_response":"","speechkit_retries":"","_speechkit_link":"","_speechkit_text":""},"categories":[51],"tags":[176,70,159,161,296,91,933,52,60],"jetpack_featured_media_url":"","_links":{"self":[{"href":"https:\/\/pinews.com.br\/index.php\/wp-json\/wp\/v2\/posts\/32718"}],"collection":[{"href":"https:\/\/pinews.com.br\/index.php\/wp-json\/wp\/v2\/posts"}],"about":[{"href":"https:\/\/pinews.com.br\/index.php\/wp-json\/wp\/v2\/types\/post"}],"author":[{"embeddable":true,"href":"https:\/\/pinews.com.br\/index.php\/wp-json\/wp\/v2\/users\/1"}],"replies":[{"embeddable":true,"href":"https:\/\/pinews.com.br\/index.php\/wp-json\/wp\/v2\/comments?post=32718"}],"version-history":[{"count":0,"href":"https:\/\/pinews.com.br\/index.php\/wp-json\/wp\/v2\/posts\/32718\/revisions"}],"wp:featuredmedia":[{"embeddable":true,"href":"https:\/\/pinews.com.br\/index.php\/wp-json\/wp\/v2\/posts\/32618"}],"wp:attachment":[{"href":"https:\/\/pinews.com.br\/index.php\/wp-json\/wp\/v2\/media?parent=32718"}],"wp:term":[{"taxonomy":"category","embeddable":true,"href":"https:\/\/pinews.com.br\/index.php\/wp-json\/wp\/v2\/categories?post=32718"},{"taxonomy":"post_tag","embeddable":true,"href":"https:\/\/pinews.com.br\/index.php\/wp-json\/wp\/v2\/tags?post=32718"}],"curies":[{"name":"wp","href":"https:\/\/api.w.org\/{rel}","templated":true}]}}