{"id":32719,"date":"2022-04-09T17:22:54","date_gmt":"2022-04-09T20:22:54","guid":{"rendered":"https:\/\/pinews.com.br\/?p=32620"},"modified":"2022-04-09T17:22:54","modified_gmt":"2022-04-09T20:22:54","slug":"homem-e-socorrido-apos-levar-golpes-de-faca-do-proprio-vizinho-no-piaui","status":"publish","type":"post","link":"https:\/\/pinews.com.br\/index.php\/2022\/04\/09\/homem-e-socorrido-apos-levar-golpes-de-faca-do-proprio-vizinho-no-piaui\/","title":{"rendered":"Homem \u00e9 socorrido ap\u00f3s levar golpes de faca do pr\u00f3prio vizinho no Piau\u00ed"},"content":{"rendered":"\n<p>Uma tentativa de homic\u00eddio foi registrada na Rua do Barreiro, no Bairro S\u00e3o Vicente de Paula, no final da tarde desta sexta-feira (08\/04).&nbsp;Uma briga entre vizinhos terminou com um senhor identificado por Francisco Jos\u00e9 Alves Veras, conhecido por \u201cNeto Marreco\u201d, de 52 anos que lesionado com dois golpes de faca na regi\u00e3o das costas, desferido por um desafeto. As informa\u00e7\u00f5es s\u00e3o do Click de Parna\u00edba.<\/p>\n\n\n\n<p>A v\u00edtima, foi socorrida pelo Servi\u00e7o de Atendimento M\u00f3vel de Urg\u00eancia (SAMU) que realizou os primeiros atendimentos e encaminhou o homem para o Hospital Estadual Dirceu Arcoverde.<\/p>\n\n\n\n<figure class=\"wp-block-image\"><img decoding=\"async\" src=\"https:\/\/blogger.googleusercontent.com\/img\/b\/R29vZ2xl\/AVvXsEhvafssekUGxb8ROo6zZbdLT-2hEhnznJzYbErhDZoD9l8yO_k9BZnrqAvz5bgE4per59AmqJuqwX5acD1EzWblTJCKpe2k0ro29NWg3CjyPVigz3DnSPKp_lWJ73mzPymcLfc89WJ9sncxxGFLHlDnovdkY0ws0GQZYc-ccDXOMUSc65UKoWNxU_GpUA\/w640-h480\/IMG_20220408_180803433.jpg\" alt=\"\"\/><figcaption>Servi\u00e7o de Atendimento M\u00f3vel de Urg\u00eancia (SAMU)<\/figcaption><\/figure>\n\n\n\n<p>A Pol\u00edcia Militar esteve no local e a fam\u00edlia da v\u00edtima deve seguir para a Delegacia Regional onde dever\u00e3o registrar um boletim de ocorr\u00eancia da agress\u00e3o f\u00edsica culminada com a tentativa de homic\u00eddio.<\/p>\n\n\n\n<p><strong>Fonte: 180 Graus\/ Com as informa\u00e7\u00f5es do Click de Parna\u00edba<\/strong><\/p>\n","protected":false},"excerpt":{"rendered":"<p>Uma tentativa de homic\u00eddio foi registrada na Rua do Barreiro, no Bairro S\u00e3o Vicente de Paula, no final da tarde desta sexta-feira (08\/04).&nbsp;Uma briga entre vizinhos terminou com um senhor identificado por Francisco Jos\u00e9 Alves Veras, conhecido por \u201cNeto Marreco\u201d, de 52 anos que lesionado com dois golpes de faca na regi\u00e3o das costas, desferido [&hellip;]<\/p>\n","protected":false},"author":1,"featured_media":32621,"comment_status":"open","ping_status":"open","sticky":false,"template":"","format":"standard","meta":{"beyondwords_generate_audio":"","beyondwords_project_id":"","beyondwords_podcast_id":"","beyondwords_hash":"","beyondwords_error_message":"","beyondwords_disabled":"","publish_post_to_speechkit":"","speechkit_generate_audio":"","speechkit_project_id":"","speechkit_podcast_id":"","speechkit_hash":"","speechkit_error_message":"","speechkit_disabled":"","speechkit_access_key":"","speechkit_error":"","speechkit_info":"","speechkit_response":"","speechkit_retries":"","_speechkit_link":"","_speechkit_text":""},"categories":[51,78],"tags":[70,44,72,247,83,84,163,52,86,10093,1257],"jetpack_featured_media_url":"","_links":{"self":[{"href":"https:\/\/pinews.com.br\/index.php\/wp-json\/wp\/v2\/posts\/32719"}],"collection":[{"href":"https:\/\/pinews.com.br\/index.php\/wp-json\/wp\/v2\/posts"}],"about":[{"href":"https:\/\/pinews.com.br\/index.php\/wp-json\/wp\/v2\/types\/post"}],"author":[{"embeddable":true,"href":"https:\/\/pinews.com.br\/index.php\/wp-json\/wp\/v2\/users\/1"}],"replies":[{"embeddable":true,"href":"https:\/\/pinews.com.br\/index.php\/wp-json\/wp\/v2\/comments?post=32719"}],"version-history":[{"count":0,"href":"https:\/\/pinews.com.br\/index.php\/wp-json\/wp\/v2\/posts\/32719\/revisions"}],"wp:featuredmedia":[{"embeddable":true,"href":"https:\/\/pinews.com.br\/index.php\/wp-json\/wp\/v2\/posts\/32621"}],"wp:attachment":[{"href":"https:\/\/pinews.com.br\/index.php\/wp-json\/wp\/v2\/media?parent=32719"}],"wp:term":[{"taxonomy":"category","embeddable":true,"href":"https:\/\/pinews.com.br\/index.php\/wp-json\/wp\/v2\/categories?post=32719"},{"taxonomy":"post_tag","embeddable":true,"href":"https:\/\/pinews.com.br\/index.php\/wp-json\/wp\/v2\/tags?post=32719"}],"curies":[{"name":"wp","href":"https:\/\/api.w.org\/{rel}","templated":true}]}}