{"id":32757,"date":"2022-04-12T20:27:54","date_gmt":"2022-04-12T23:27:54","guid":{"rendered":"https:\/\/pinews.com.br\/?p=32746"},"modified":"2022-04-12T20:27:54","modified_gmt":"2022-04-12T23:27:54","slug":"administrador-e-preso-por-uso-de-documento-falso-para-obter-registro-de-arma-de-fogo-no-piaui","status":"publish","type":"post","link":"https:\/\/pinews.com.br\/index.php\/2022\/04\/12\/administrador-e-preso-por-uso-de-documento-falso-para-obter-registro-de-arma-de-fogo-no-piaui\/","title":{"rendered":"Administrador \u00e9 preso por uso de documento falso para obter registro de arma de fogo no Piau\u00ed"},"content":{"rendered":"\n<p>Um administrador de empresas e propriet\u00e1rio de um escrit\u00f3rio de contabilidade em Teresina foi preso nesta ter\u00e7a-feira (12) por uso de documento falso. O suspeito foi preso pelo Grupo de Repress\u00e3o ao Crime Organizado (Greco) no pr\u00f3prio escrit\u00f3rio, na Zona Sul da capital.<\/p>\n\n\n\n<p>Segundo a pol\u00edcia, a documenta\u00e7\u00e3o falsificada seria usada pelo administrador para obter a certid\u00e3o negativa no Instituto de Identifica\u00e7\u00e3o do Piau\u00ed e, assim, solicitar registro de arma de fogo na Pol\u00edcia Federal.<\/p>\n\n\n\n<p>A fraude foi descoberta por servidores do instituto, que acionaram o Greco.<\/p>\n\n\n\n<figure class=\"wp-block-image size-large\"><img decoding=\"async\" src=\"https:\/\/pinews.com.br\/wp-content\/uploads\/2022\/04\/prisao2019.jpeg\" alt=\"\" class=\"wp-image-32747\"\/><figcaption>Material apreendido com o administrador em 2019 \u2014 Foto: Divulga\u00e7\u00e3o \/PC-PI<\/figcaption><\/figure>\n\n\n\n<p>O coordenador do grupo, delegado Tales Gomes, informou que o homem foi preso em 2019 com v\u00e1rios documentos falsos. Na \u00e9poca, ele foi autuado por uso de documento falso.<\/p>\n\n\n\n<p><strong>Fonte: G1 PI<\/strong><\/p>\n","protected":false},"excerpt":{"rendered":"<p>Um administrador de empresas e propriet\u00e1rio de um escrit\u00f3rio de contabilidade em Teresina foi preso nesta ter\u00e7a-feira (12) por uso de documento falso. O suspeito foi preso pelo Grupo de Repress\u00e3o ao Crime Organizado (Greco) no pr\u00f3prio escrit\u00f3rio, na Zona Sul da capital. Segundo a pol\u00edcia, a documenta\u00e7\u00e3o falsificada seria usada pelo administrador para obter [&hellip;]<\/p>\n","protected":false},"author":1,"featured_media":32748,"comment_status":"open","ping_status":"open","sticky":false,"template":"","format":"standard","meta":{"beyondwords_generate_audio":"","beyondwords_project_id":"","beyondwords_podcast_id":"","beyondwords_hash":"","beyondwords_error_message":"","beyondwords_disabled":"","publish_post_to_speechkit":"","speechkit_generate_audio":"","speechkit_project_id":"","speechkit_podcast_id":"","speechkit_hash":"","speechkit_error_message":"","speechkit_disabled":"","speechkit_access_key":"","speechkit_error":"","speechkit_info":"","speechkit_response":"","speechkit_retries":"","_speechkit_link":"","_speechkit_text":""},"categories":[51,78],"tags":[10105,326,44,907,72,908,1675,6612,350,52,59,79,5830,5668],"jetpack_featured_media_url":"","_links":{"self":[{"href":"https:\/\/pinews.com.br\/index.php\/wp-json\/wp\/v2\/posts\/32757"}],"collection":[{"href":"https:\/\/pinews.com.br\/index.php\/wp-json\/wp\/v2\/posts"}],"about":[{"href":"https:\/\/pinews.com.br\/index.php\/wp-json\/wp\/v2\/types\/post"}],"author":[{"embeddable":true,"href":"https:\/\/pinews.com.br\/index.php\/wp-json\/wp\/v2\/users\/1"}],"replies":[{"embeddable":true,"href":"https:\/\/pinews.com.br\/index.php\/wp-json\/wp\/v2\/comments?post=32757"}],"version-history":[{"count":0,"href":"https:\/\/pinews.com.br\/index.php\/wp-json\/wp\/v2\/posts\/32757\/revisions"}],"wp:featuredmedia":[{"embeddable":true,"href":"https:\/\/pinews.com.br\/index.php\/wp-json\/wp\/v2\/posts\/32748"}],"wp:attachment":[{"href":"https:\/\/pinews.com.br\/index.php\/wp-json\/wp\/v2\/media?parent=32757"}],"wp:term":[{"taxonomy":"category","embeddable":true,"href":"https:\/\/pinews.com.br\/index.php\/wp-json\/wp\/v2\/categories?post=32757"},{"taxonomy":"post_tag","embeddable":true,"href":"https:\/\/pinews.com.br\/index.php\/wp-json\/wp\/v2\/tags?post=32757"}],"curies":[{"name":"wp","href":"https:\/\/api.w.org\/{rel}","templated":true}]}}