{"id":32783,"date":"2022-04-14T11:28:05","date_gmt":"2022-04-14T14:28:05","guid":{"rendered":"https:\/\/pinews.com.br\/?p=32783"},"modified":"2022-04-14T11:28:05","modified_gmt":"2022-04-14T14:28:05","slug":"pais-de-adolescente-morta-atropelada-no-piaui-nao-conseguem-voltar-a-trabalhar-perdi-minha-unica-filha","status":"publish","type":"post","link":"https:\/\/pinews.com.br\/index.php\/2022\/04\/14\/pais-de-adolescente-morta-atropelada-no-piaui-nao-conseguem-voltar-a-trabalhar-perdi-minha-unica-filha\/","title":{"rendered":"Pais de adolescente morta atropelada no Piau\u00ed n\u00e3o conseguem voltar a trabalhar: \u2018perdi minha \u00fanica filha\u2019"},"content":{"rendered":"\n<p>Uma semana ap\u00f3s&nbsp;a morte de J\u00falia Aparecida, de 13 anos, a m\u00e3e Patr\u00edcia Cunha contou que ela e o pai da menina ainda n\u00e3o conseguiram voltar a trabalhar. A adolescente e uma amiga foram atropeladas por um carro quando voltavam da igreja no bairro Morros, Zona Leste de&nbsp;Teresina. Ela contou que espera que o caso n\u00e3o fique impune.<\/p>\n\n\n\n<p>Ainda n\u00e3o h\u00e1 detalhes sobre as circunst\u00e2ncias do acidente. No dia da morte da menina, a per\u00edcia informou apenas que o condutor poderia estar em alta velocidade e que os pneus do carro, desgastados, podem ter dificultado a frenagem. Uma c\u00e2mera de seguran\u00e7a registrou o momento (veja abaixo).https:\/\/5ac5beb187967b58f23bcf4cf096cc5e.safeframe.googlesyndication.com\/safeframe\/1-0-38\/html\/container.html<\/p>\n\n\n\n<p>Procurada, a&nbsp;pol\u00edcia informou ao g1 apenas que o caso segue em investiga\u00e7\u00e3o: \u201cA investiga\u00e7\u00e3o est\u00e1 em andamento. A delegada [titular da delegacia de crimes de tr\u00e2nsito] respons\u00e1vel n\u00e3o concede entrevistas\u201d.<\/p>\n\n\n\n<h2><strong>M\u00e3e passou mal ao ver a filha morta<\/strong><\/h2>\n\n\n\n<p>Patr\u00edcia contou que a filha tinha o costume de ir para o culto de van no turno da noite, mas pela primeira vez deixou ela seguir o caminho a p\u00e9 porque era pela manh\u00e3. J\u00falia estava acompanhada de quatro amigos da igreja quando tentava atravessar a Avenida Rossini Morada e foi atropelada por um carro .<\/p>\n\n\n\n<blockquote class=\"wp-block-quote\"><p>\u201cEu estava no trabalho quando soube do atropelamento por uma amiga dela, que me ligou. Nesse dia, a J\u00falia acordou cedo, tomou banho, se maquiou e como de costume fez um v\u00eddeo no terra\u00e7o de casa, depois saiu para a igreja. Eu tinha recentemente presenteado minha filha com um celular, com medo de assalto, ela deixou o aparelho em casa\u201d, contou Patr\u00edcia Cunha.<\/p><\/blockquote>\n\n\n\n<p>Com o impacto do carro, J\u00falia Aparecida teve morte imediata. A m\u00e3e disse que ao chegar no local do acidente ainda encontrou com o motorista do carro, revoltada ela chegou a ir em sua dire\u00e7\u00e3o, mas passou mal e foi socorrida por populares.<\/p>\n\n\n\n<p>\u201cA dor que eu estou sentindo de m\u00e3e. Eu me sinto arrasada e chateada, porque ele destruiu minha fam\u00edlia, perdi minha \u00fanica filha. Eu quero justi\u00e7a, eu quero que esse homem pague pelo que ele fez. N\u00e3o sei se ele foi solto, porque a pol\u00edcia n\u00e3o fala nada. A \u00fanica pessoa que est\u00e1 presa aqui \u00e9 minha filha que n\u00e3o volta mais\u201d, declarou.<\/p>\n\n\n\n<h2><br>Pais n\u00e3o conseguem mais trabalhar<\/h2>\n\n\n\n<p>J\u00falia era a \u00fanica menina de quatro filhos de Patr\u00edcia, os demais t\u00eam 20, 16, e 2 anos. Desde a morte da adolescente, a m\u00e3e n\u00e3o conseguiu retornar ao trabalho de faxineira e o pai segue afastado da academia em que trabalha.<\/p>\n\n\n\n<figure class=\"wp-block-image\"><img decoding=\"async\" src=\"https:\/\/s2.glbimg.com\/mufUkzc3fBIVuRaGOV_ze6zZNdY=\/0x87:853x1087\/984x0\/smart\/filters:strip_icc()\/i.s3.glbimg.com\/v1\/AUTH_59edd422c0c84a879bd37670ae4f538a\/internal_photos\/bs\/2022\/v\/x\/8OHp43S6qgRBOMMwnBbw\/whatsapp-image-2022-04-14-at-08.46.49.jpeg\" alt=\"Pais de adolescente morta atropelada em Teresina n\u00e3o conseguem voltar a trabalhar: 'perdi minha \u00fanica filha' \u2014 Foto: Catarina Costa\/g1\"\/><figcaption>Pais de adolescente morta atropelada em Teresina n\u00e3o conseguem voltar a trabalhar: \u2018perdi minha \u00fanica filha\u2019 \u2014 Foto: Catarina Costa\/g1<\/figcaption><\/figure>\n\n\n\n<p>\u201cDeixamos as coisas do mesmo jeito que ela deixou. A J\u00falia era uma boa filha, estudava o oitavo ano, cuidava do irm\u00e3o mais novo quando eu precisava sair para trabalhar\u201d, comentou a m\u00e3e.<\/p>\n\n\n\n<h2>Fam\u00edlia diz que n\u00e3o foi procurada<\/h2>\n\n\n\n<p>A fam\u00edlia de J\u00falia contou que n\u00e3o foi procurada pelo motorista e nem recebeu assist\u00eancia por parte da empresa em que ele trabalha.<\/p>\n\n\n\n<p>No dia do acidente, o condutor foi conduzido para a Central de Flagrantes. A investiga\u00e7\u00e3o do caso encaminhado para a Delegacia de Repress\u00e3o aos Crimes de Tr\u00e2nsito.<\/p>\n\n\n\n<p>O&nbsp;<strong>g1&nbsp;<\/strong>procurou a Delegacia Geral da Pol\u00edcia Civil, que informou apenas que o caso est\u00e1 sob investiga\u00e7\u00e3o.<\/p>\n\n\n\n<p>Segundo o perito criminal Marcos Vilanova, da Pol\u00edcia Civil, ainda n\u00e3o \u00e9 poss\u00edvel dizer quais as causas do acidente, mas a suspeita \u00e9 de que o condutor estava em alta velocidade e que os pneus do carro, desgastados, podem ter dificultado a frenagem.<\/p>\n\n\n\n<p><strong>Fonte: G1 PI<\/strong><\/p>\n","protected":false},"excerpt":{"rendered":"<p>Uma semana ap\u00f3s&nbsp;a morte de J\u00falia Aparecida, de 13 anos, a m\u00e3e Patr\u00edcia Cunha contou que ela e o pai da menina ainda n\u00e3o conseguiram voltar a trabalhar. A adolescente e uma amiga foram atropeladas por um carro quando voltavam da igreja no bairro Morros, Zona Leste de&nbsp;Teresina. Ela contou que espera que o caso [&hellip;]<\/p>\n","protected":false},"author":1,"featured_media":32784,"comment_status":"open","ping_status":"open","sticky":false,"template":"","format":"standard","meta":{"beyondwords_generate_audio":"","beyondwords_project_id":"","beyondwords_podcast_id":"","beyondwords_hash":"","beyondwords_error_message":"","beyondwords_disabled":"","publish_post_to_speechkit":"","speechkit_generate_audio":"","speechkit_project_id":"","speechkit_podcast_id":"","speechkit_hash":"","speechkit_error_message":"","speechkit_disabled":"","speechkit_access_key":"","speechkit_error":"","speechkit_info":"","speechkit_response":"","speechkit_retries":"","_speechkit_link":"","_speechkit_text":""},"categories":[51,81],"tags":[177,338,7248,44,358,595,481,653,998,10114,52,9881,7135,5808],"jetpack_featured_media_url":"","_links":{"self":[{"href":"https:\/\/pinews.com.br\/index.php\/wp-json\/wp\/v2\/posts\/32783"}],"collection":[{"href":"https:\/\/pinews.com.br\/index.php\/wp-json\/wp\/v2\/posts"}],"about":[{"href":"https:\/\/pinews.com.br\/index.php\/wp-json\/wp\/v2\/types\/post"}],"author":[{"embeddable":true,"href":"https:\/\/pinews.com.br\/index.php\/wp-json\/wp\/v2\/users\/1"}],"replies":[{"embeddable":true,"href":"https:\/\/pinews.com.br\/index.php\/wp-json\/wp\/v2\/comments?post=32783"}],"version-history":[{"count":0,"href":"https:\/\/pinews.com.br\/index.php\/wp-json\/wp\/v2\/posts\/32783\/revisions"}],"wp:featuredmedia":[{"embeddable":true,"href":"https:\/\/pinews.com.br\/index.php\/wp-json\/"}],"wp:attachment":[{"href":"https:\/\/pinews.com.br\/index.php\/wp-json\/wp\/v2\/media?parent=32783"}],"wp:term":[{"taxonomy":"category","embeddable":true,"href":"https:\/\/pinews.com.br\/index.php\/wp-json\/wp\/v2\/categories?post=32783"},{"taxonomy":"post_tag","embeddable":true,"href":"https:\/\/pinews.com.br\/index.php\/wp-json\/wp\/v2\/tags?post=32783"}],"curies":[{"name":"wp","href":"https:\/\/api.w.org\/{rel}","templated":true}]}}