{"id":32809,"date":"2022-04-17T16:48:23","date_gmt":"2022-04-17T19:48:23","guid":{"rendered":"https:\/\/pinews.com.br\/?p=32809"},"modified":"2022-04-17T16:48:23","modified_gmt":"2022-04-17T19:48:23","slug":"papa-francisco-faz-apelo-pela-paz-e-cita-risco-nuclear-durante-missa-de-pascoa","status":"publish","type":"post","link":"https:\/\/pinews.com.br\/index.php\/2022\/04\/17\/papa-francisco-faz-apelo-pela-paz-e-cita-risco-nuclear-durante-missa-de-pascoa\/","title":{"rendered":"Papa Francisco faz apelo pela paz e cita risco nuclear durante missa de P\u00e1scoa"},"content":{"rendered":"\n<p>Neste Domingo de P\u00e1scoa o papa Francisco fez um apelo pela paz, referindo-se tanto \u00e0 guerra na Ucr\u00e2nia e a outros conflitos armados que assolam o mundo, al\u00e9m de citar o risco de uma guerra nuclear.<\/p>\n\n\n\n<p>&#8220;Que haja paz para a Ucr\u00e2nia devastada pela guerra, t\u00e3o duramente provada pela viol\u00eancia e destrui\u00e7\u00e3o desse conflito cruel e sem sentido para a qual foi arrastada&#8221;, disse Francisco na sacada central da Pra\u00e7a de S\u00e3o Pedro.<\/p>\n\n\n\n<p>Pela primeira vez desde o in\u00edcio da pandemia, em 2020, o pont\u00edfice celebrou a missa de P\u00e1scoa na pra\u00e7a lotada de fi\u00e9is para. Aplausos irromperam de muitas das 50 mil pessoas na Pra\u00e7a de S\u00e3o Pedro e em uma avenida pr\u00f3xima quando ele mencionou a Ucr\u00e2nia.<\/p>\n\n\n\n<p>&#8220;Por favor, por favor, n\u00e3o nos acostumemos com a guerra&#8221;, suplicou. &#8220;Vamos todos nos comprometer a implorar pela paz, de nossas varandas e em nossas ruas. Que os l\u00edderes das na\u00e7\u00f5es ou\u00e7am o apelo das pessoas pela paz.&#8221;<\/p>\n\n\n\n<p>Em uma clara refer\u00eancia \u00e0 amea\u00e7a de guerra nuclear, o pont\u00edfice citou uma declara\u00e7\u00e3o de cientistas em 1955: &#8220;Devemos acabar com a ra\u00e7a humana ou a humanidade deve renunciar \u00e0 guerra?&#8221;<\/p>\n\n\n\n<p>O papa tamb\u00e9m chamou a aten\u00e7\u00e3o para outros conflitos. &#8220;Que a guerra na Europa tamb\u00e9m nos deixe mais preocupados com outras situa\u00e7\u00f5es de conflito, sofrimento e tristeza, situa\u00e7\u00f5es que afetam muitas \u00e1reas do nosso mundo, situa\u00e7\u00f5es que n\u00e3o podemos ignorar e n\u00e3o queremos esquecer&#8221;, afirmou. Entre os conflitos citados est\u00e3o os do Oriente M\u00e9dio.<\/p>\n\n\n\n<p><strong>Fonte: Estad\u00e3o Conte\u00fado<\/strong><\/p>\n","protected":false},"excerpt":{"rendered":"<p>Neste Domingo de P\u00e1scoa o papa Francisco fez um apelo pela paz, referindo-se tanto \u00e0 guerra na Ucr\u00e2nia e a outros conflitos armados que assolam o mundo, al\u00e9m de citar o risco de uma guerra nuclear. &#8220;Que haja paz para a Ucr\u00e2nia devastada pela guerra, t\u00e3o duramente provada pela viol\u00eancia e destrui\u00e7\u00e3o desse conflito cruel [&hellip;]<\/p>\n","protected":false},"author":1,"featured_media":32810,"comment_status":"open","ping_status":"open","sticky":false,"template":"","format":"standard","meta":{"beyondwords_generate_audio":"","beyondwords_project_id":"","beyondwords_podcast_id":"","beyondwords_hash":"","beyondwords_error_message":"","beyondwords_disabled":"","publish_post_to_speechkit":"","speechkit_generate_audio":"","speechkit_project_id":"","speechkit_podcast_id":"","speechkit_hash":"","speechkit_error_message":"","speechkit_disabled":"","speechkit_access_key":"","speechkit_error":"","speechkit_info":"","speechkit_response":"","speechkit_retries":"","_speechkit_link":"","_speechkit_text":""},"categories":[134],"tags":[961,10120,44,45,963,702,8692,10121,3129,2479,10122,103,1356],"jetpack_featured_media_url":"https:\/\/pinews.com.br\/wp-content\/uploads\/2022\/04\/4e644cc3efec72dda899d709101c51c1.jpg","_links":{"self":[{"href":"https:\/\/pinews.com.br\/index.php\/wp-json\/wp\/v2\/posts\/32809"}],"collection":[{"href":"https:\/\/pinews.com.br\/index.php\/wp-json\/wp\/v2\/posts"}],"about":[{"href":"https:\/\/pinews.com.br\/index.php\/wp-json\/wp\/v2\/types\/post"}],"author":[{"embeddable":true,"href":"https:\/\/pinews.com.br\/index.php\/wp-json\/wp\/v2\/users\/1"}],"replies":[{"embeddable":true,"href":"https:\/\/pinews.com.br\/index.php\/wp-json\/wp\/v2\/comments?post=32809"}],"version-history":[{"count":0,"href":"https:\/\/pinews.com.br\/index.php\/wp-json\/wp\/v2\/posts\/32809\/revisions"}],"wp:featuredmedia":[{"embeddable":true,"href":"https:\/\/pinews.com.br\/index.php\/wp-json\/wp\/v2\/media\/32810"}],"wp:attachment":[{"href":"https:\/\/pinews.com.br\/index.php\/wp-json\/wp\/v2\/media?parent=32809"}],"wp:term":[{"taxonomy":"category","embeddable":true,"href":"https:\/\/pinews.com.br\/index.php\/wp-json\/wp\/v2\/categories?post=32809"},{"taxonomy":"post_tag","embeddable":true,"href":"https:\/\/pinews.com.br\/index.php\/wp-json\/wp\/v2\/tags?post=32809"}],"curies":[{"name":"wp","href":"https:\/\/api.w.org\/{rel}","templated":true}]}}