{"id":32857,"date":"2022-04-18T10:53:52","date_gmt":"2022-04-18T13:53:52","guid":{"rendered":"https:\/\/pinews.com.br\/?p=32857"},"modified":"2022-04-18T10:53:52","modified_gmt":"2022-04-18T13:53:52","slug":"incendio-de-grandes-proporcoes-atinge-padaria-no-piaui","status":"publish","type":"post","link":"https:\/\/pinews.com.br\/index.php\/2022\/04\/18\/incendio-de-grandes-proporcoes-atinge-padaria-no-piaui\/","title":{"rendered":"Inc\u00eandio de grandes propor\u00e7\u00f5es atinge padaria no Piau\u00ed"},"content":{"rendered":"\n<p>Um inc\u00eandio de grandes propor\u00e7\u00f5es atingiu parte de uma panificadora na manh\u00e3 deste domingo (17), localizada entre as ruas Venceslau Br\u00e1s e Alberto Leal Nunes, no bairro Lourival Parente, zona Sul de Teresina. O Corpo de Bombeiros foi acionado por moradores locais para conter as chamas.<\/p>\n\n\n\n<p>O fogo se iniciou nas primeiras horas da manh\u00e3 na \u00e1rea onde fica reservada as madeiras da padaria. Ainda n\u00e3o se sabe a causa, mas que n\u00e3o seria a primeira vez. Segundo relatos de moradores ao Meionorte.com, seria o 3\u00b0 inc\u00eandio registrado no estabelecimento, que j\u00e1 foi alvo de den\u00fancias da vizinhan\u00e7a devido \u00e0s poss\u00edveis condi\u00e7\u00f5es prec\u00e1rias em que a madeira seria estocada.<\/p>\n\n\n\n<p>O irm\u00e3o do propriet\u00e1rio da panificadora esteve no local e conversou com a reportagem. Ele relatou que uma pessoa que ficou respons\u00e1vel de ir fazer os p\u00e3es no per\u00edodo da tarde, teria ido olhar o local e n\u00e3o teria acedido nenhum fogo. Eles acreditam que tenha sido algum problema no sistema el\u00e9trico. Parte do estabelecimento ficou destru\u00eddo e n\u00e3o houve feridos. <\/p>\n\n\n\n<p><strong>Fonte: Meio Norte<\/strong><\/p>\n","protected":false},"excerpt":{"rendered":"<p>Um inc\u00eandio de grandes propor\u00e7\u00f5es atingiu parte de uma panificadora na manh\u00e3 deste domingo (17), localizada entre as ruas Venceslau Br\u00e1s e Alberto Leal Nunes, no bairro Lourival Parente, zona Sul de Teresina. O Corpo de Bombeiros foi acionado por moradores locais para conter as chamas. O fogo se iniciou nas primeiras horas da manh\u00e3 [&hellip;]<\/p>\n","protected":false},"author":1,"featured_media":32858,"comment_status":"open","ping_status":"open","sticky":false,"template":"","format":"standard","meta":{"beyondwords_generate_audio":"","beyondwords_project_id":"","beyondwords_podcast_id":"","beyondwords_hash":"","beyondwords_error_message":"","beyondwords_disabled":"","publish_post_to_speechkit":"","speechkit_generate_audio":"","speechkit_project_id":"","speechkit_podcast_id":"","speechkit_hash":"","speechkit_error_message":"","speechkit_disabled":"","speechkit_access_key":"","speechkit_error":"","speechkit_info":"","speechkit_response":"","speechkit_retries":"","_speechkit_link":"","_speechkit_text":""},"categories":[51,81],"tags":[372,44,882,547,7515,52,884],"jetpack_featured_media_url":"https:\/\/pinews.com.br\/wp-content\/uploads\/2022\/04\/Fogo-1024x576-1.jpg","_links":{"self":[{"href":"https:\/\/pinews.com.br\/index.php\/wp-json\/wp\/v2\/posts\/32857"}],"collection":[{"href":"https:\/\/pinews.com.br\/index.php\/wp-json\/wp\/v2\/posts"}],"about":[{"href":"https:\/\/pinews.com.br\/index.php\/wp-json\/wp\/v2\/types\/post"}],"author":[{"embeddable":true,"href":"https:\/\/pinews.com.br\/index.php\/wp-json\/wp\/v2\/users\/1"}],"replies":[{"embeddable":true,"href":"https:\/\/pinews.com.br\/index.php\/wp-json\/wp\/v2\/comments?post=32857"}],"version-history":[{"count":0,"href":"https:\/\/pinews.com.br\/index.php\/wp-json\/wp\/v2\/posts\/32857\/revisions"}],"wp:featuredmedia":[{"embeddable":true,"href":"https:\/\/pinews.com.br\/index.php\/wp-json\/wp\/v2\/media\/32858"}],"wp:attachment":[{"href":"https:\/\/pinews.com.br\/index.php\/wp-json\/wp\/v2\/media?parent=32857"}],"wp:term":[{"taxonomy":"category","embeddable":true,"href":"https:\/\/pinews.com.br\/index.php\/wp-json\/wp\/v2\/categories?post=32857"},{"taxonomy":"post_tag","embeddable":true,"href":"https:\/\/pinews.com.br\/index.php\/wp-json\/wp\/v2\/tags?post=32857"}],"curies":[{"name":"wp","href":"https:\/\/api.w.org\/{rel}","templated":true}]}}