{"id":32981,"date":"2022-04-19T11:46:12","date_gmt":"2022-04-19T14:46:12","guid":{"rendered":"https:\/\/pinews.com.br\/?p=32981"},"modified":"2022-04-19T11:46:12","modified_gmt":"2022-04-19T14:46:12","slug":"ex-jogador-de-futebol-e-assassinado-com-tiro-de-espingarda-na-frente-da-filha-ao-chegar-em-casa-em-picos","status":"publish","type":"post","link":"https:\/\/pinews.com.br\/index.php\/2022\/04\/19\/ex-jogador-de-futebol-e-assassinado-com-tiro-de-espingarda-na-frente-da-filha-ao-chegar-em-casa-em-picos\/","title":{"rendered":"Ex-jogador de futebol \u00e9 assassinado com tiro de espingarda na frente da filha ao chegar em casa em Picos"},"content":{"rendered":"\n<p>Um jogador de futebol, ex-atleta da Sociedade Esportiva Picos, chamado Ja\u00edlson Alves da Silva, de 35 anos, foi assassinado a tiros nessa segunda-feira (18) ao chegar \u00e0 casa onde morava na zona rural de Picos. Segundo a Pol\u00edcia Militar, Ja\u00edlson teria sido v\u00edtima de uma emboscada.<\/p>\n\n\n\n<p>Ja\u00edlson era conhecido pelo apelido Maninho Bisteca e atuou no time do Picos como defensor entre os anos 2010 e 2012.<\/p>\n\n\n\n<p>O crime aconteceu na noite de segunda-feira (18), quando Ja\u00edlson chegava em casa com a filha. Segundo a Pol\u00edcia Militar, ele teria ido at\u00e9 os fundos da casa, onde foi baleado com um tiro de espingarda.<\/p>\n\n\n\n<p>A filha dele ent\u00e3o correu do local para pedir ajuda aos av\u00f3s. quando foi baleado por uma pessoa que estava o esperando no local. A jovem n\u00e3o teria visto quem cometeu o crime. N\u00e3o se sabe quantas pessoas teriam participado do crime.<\/p>\n\n\n\n<p>Ja\u00edlson chegou a ser socorrido e levado ao Hospital Justino Luz, mas faleceu antes de receber atendimento.<\/p>\n\n\n\n<p>Os policiais militares e civis isolaram o local do crime para o in\u00edcio da investiga\u00e7\u00e3o. At\u00e9 o momento, nenhum suspeito foi identificado.<\/p>\n\n\n\n<p><strong>Fonte: G1 PI<\/strong><\/p>\n","protected":false},"excerpt":{"rendered":"<p>Um jogador de futebol, ex-atleta da Sociedade Esportiva Picos, chamado Ja\u00edlson Alves da Silva, de 35 anos, foi assassinado a tiros nessa segunda-feira (18) ao chegar \u00e0 casa onde morava na zona rural de Picos. Segundo a Pol\u00edcia Militar, Ja\u00edlson teria sido v\u00edtima de uma emboscada. Ja\u00edlson era conhecido pelo apelido Maninho Bisteca e atuou [&hellip;]<\/p>\n","protected":false},"author":1,"featured_media":32982,"comment_status":"open","ping_status":"open","sticky":false,"template":"","format":"standard","meta":{"beyondwords_generate_audio":"","beyondwords_project_id":"","beyondwords_podcast_id":"","beyondwords_hash":"","beyondwords_error_message":"","beyondwords_disabled":"","publish_post_to_speechkit":"","speechkit_generate_audio":"","speechkit_project_id":"","speechkit_podcast_id":"","speechkit_hash":"","speechkit_error_message":"","speechkit_disabled":"","speechkit_access_key":"","speechkit_error":"","speechkit_info":"","speechkit_response":"","speechkit_retries":"","_speechkit_link":"","_speechkit_text":""},"categories":[51,126,78],"tags":[132,364,149,5975,122,44,72,46,1920,10130,358,480,727,91,125,527],"jetpack_featured_media_url":"https:\/\/pinews.com.br\/wp-content\/uploads\/2022\/04\/whatsapp-image-2021-09-17-at-16.56.40-1-.jpeg","_links":{"self":[{"href":"https:\/\/pinews.com.br\/index.php\/wp-json\/wp\/v2\/posts\/32981"}],"collection":[{"href":"https:\/\/pinews.com.br\/index.php\/wp-json\/wp\/v2\/posts"}],"about":[{"href":"https:\/\/pinews.com.br\/index.php\/wp-json\/wp\/v2\/types\/post"}],"author":[{"embeddable":true,"href":"https:\/\/pinews.com.br\/index.php\/wp-json\/wp\/v2\/users\/1"}],"replies":[{"embeddable":true,"href":"https:\/\/pinews.com.br\/index.php\/wp-json\/wp\/v2\/comments?post=32981"}],"version-history":[{"count":0,"href":"https:\/\/pinews.com.br\/index.php\/wp-json\/wp\/v2\/posts\/32981\/revisions"}],"wp:featuredmedia":[{"embeddable":true,"href":"https:\/\/pinews.com.br\/index.php\/wp-json\/wp\/v2\/media\/32982"}],"wp:attachment":[{"href":"https:\/\/pinews.com.br\/index.php\/wp-json\/wp\/v2\/media?parent=32981"}],"wp:term":[{"taxonomy":"category","embeddable":true,"href":"https:\/\/pinews.com.br\/index.php\/wp-json\/wp\/v2\/categories?post=32981"},{"taxonomy":"post_tag","embeddable":true,"href":"https:\/\/pinews.com.br\/index.php\/wp-json\/wp\/v2\/tags?post=32981"}],"curies":[{"name":"wp","href":"https:\/\/api.w.org\/{rel}","templated":true}]}}