{"id":33023,"date":"2022-04-19T20:21:20","date_gmt":"2022-04-19T23:21:20","guid":{"rendered":"https:\/\/pinews.com.br\/?p=33023"},"modified":"2022-04-19T20:21:20","modified_gmt":"2022-04-19T23:21:20","slug":"consulta-ao-decimo-terceiro-do-inss-esta-aberta","status":"publish","type":"post","link":"https:\/\/pinews.com.br\/index.php\/2022\/04\/19\/consulta-ao-decimo-terceiro-do-inss-esta-aberta\/","title":{"rendered":"Consulta ao d\u00e9cimo terceiro do INSS est\u00e1 aberta"},"content":{"rendered":"\n<p>Os aposentados e pensionistas do Instituto Nacional do Seguro Social (INSS) j\u00e1 podem consultar o extrato com os valores e as datas de pagamento do d\u00e9cimo terceiro. O procedimento pode ser feito tanto pelo aplicativo Meu INSS, dispon\u00edvel para celulares e<em>&nbsp;tablets<\/em>, como pelo&nbsp;<em>site<\/em>&nbsp;gov.br\/meuinss<\/p>\n\n\n\n<p>O decreto com a antecipa\u00e7\u00e3o do d\u00e9cimo terceiro foi assinado em mar\u00e7o. Este ser\u00e1 o terceiro ano seguido em que os segurados do INSS receber\u00e3o o d\u00e9cimo terceiro antes das datas tradicionais, em agosto e em dezembro. Em 2020 e 2021, o pagamento ocorreu mais cedo por causa da pandemia de covid-19.<\/p>\n\n\n\n<p>Segundo o Minist\u00e9rio do Trabalho e Previd\u00eancia, o pagamento do d\u00e9cimo terceiro antecipar\u00e1 a inje\u00e7\u00e3o de R$ 56,7 bilh\u00f5es na economia. Desse total, R$ 28,35 bilh\u00f5es correspondem \u00e0 primeira parcela, referente \u00e0 compet\u00eancia de abril, que ser\u00e1 paga entre o fim de abril e o in\u00edcio de maio. O restante corresponde \u00e0 segunda parcela, da compet\u00eancia de maio, a ser paga no fim de maio e in\u00edcio de junho.<\/p>\n\n\n\n<p>A maioria dos aposentados e pensionistas receber\u00e1 50% do d\u00e9cimo terceiro na primeira parcela. A exce\u00e7\u00e3o \u00e9 para quem passou a receber o benef\u00edcio depois de janeiro e ter\u00e1 o valor calculado proporcionalmente.<\/p>\n\n\n\n<p>O Minist\u00e9rio do Trabalho e Emprego esclarece que os segurados que recebem benef\u00edcio por incapacidade tempor\u00e1ria (antigo aux\u00edlio-doen\u00e7a) tamb\u00e9m t\u00eam direito a uma parcela menor do d\u00e9cimo terceiro, calculada de acordo com a dura\u00e7\u00e3o do benef\u00edcio. Por lei, os segurados que recebem benef\u00edcios assistenciais, como o Aux\u00edlio Brasil, n\u00e3o t\u00eam direito a d\u00e9cimo terceiro sal\u00e1rio.<\/p>\n\n\n\n<p><strong>Fonte: Ag\u00eancia Brasil<\/strong><\/p>\n\n\n\n<figure class=\"wp-block-image\"><img decoding=\"async\" src=\"https:\/\/agenciabrasil.ebc.com.br\/ebc.png?id=1454995&amp;o=node\" alt=\"\"\/><\/figure>\n\n\n\n<figure class=\"wp-block-image\"><img decoding=\"async\" src=\"https:\/\/agenciabrasil.ebc.com.br\/ebc.gif?id=1454995&amp;o=node\" alt=\"\"\/><\/figure>\n","protected":false},"excerpt":{"rendered":"<p>Os aposentados e pensionistas do Instituto Nacional do Seguro Social (INSS) j\u00e1 podem consultar o extrato com os valores e as datas de pagamento do d\u00e9cimo terceiro. O procedimento pode ser feito tanto pelo aplicativo Meu INSS, dispon\u00edvel para celulares e&nbsp;tablets, como pelo&nbsp;site&nbsp;gov.br\/meuinss O decreto com a antecipa\u00e7\u00e3o do d\u00e9cimo terceiro foi assinado em mar\u00e7o. [&hellip;]<\/p>\n","protected":false},"author":1,"featured_media":33024,"comment_status":"open","ping_status":"open","sticky":false,"template":"","format":"standard","meta":{"beyondwords_generate_audio":"","beyondwords_project_id":"","beyondwords_podcast_id":"","beyondwords_hash":"","beyondwords_error_message":"","beyondwords_disabled":"","publish_post_to_speechkit":"","speechkit_generate_audio":"","speechkit_project_id":"","speechkit_podcast_id":"","speechkit_hash":"","speechkit_error_message":"","speechkit_disabled":"","speechkit_access_key":"","speechkit_error":"","speechkit_info":"","speechkit_response":"","speechkit_retries":"","_speechkit_link":"","_speechkit_text":""},"categories":[134],"tags":[9936,132,7964,8363,5717,1138,6168],"jetpack_featured_media_url":"https:\/\/pinews.com.br\/wp-content\/uploads\/2022\/04\/inss_rj_1409201583-4.jpg","_links":{"self":[{"href":"https:\/\/pinews.com.br\/index.php\/wp-json\/wp\/v2\/posts\/33023"}],"collection":[{"href":"https:\/\/pinews.com.br\/index.php\/wp-json\/wp\/v2\/posts"}],"about":[{"href":"https:\/\/pinews.com.br\/index.php\/wp-json\/wp\/v2\/types\/post"}],"author":[{"embeddable":true,"href":"https:\/\/pinews.com.br\/index.php\/wp-json\/wp\/v2\/users\/1"}],"replies":[{"embeddable":true,"href":"https:\/\/pinews.com.br\/index.php\/wp-json\/wp\/v2\/comments?post=33023"}],"version-history":[{"count":0,"href":"https:\/\/pinews.com.br\/index.php\/wp-json\/wp\/v2\/posts\/33023\/revisions"}],"wp:featuredmedia":[{"embeddable":true,"href":"https:\/\/pinews.com.br\/index.php\/wp-json\/wp\/v2\/media\/33024"}],"wp:attachment":[{"href":"https:\/\/pinews.com.br\/index.php\/wp-json\/wp\/v2\/media?parent=33023"}],"wp:term":[{"taxonomy":"category","embeddable":true,"href":"https:\/\/pinews.com.br\/index.php\/wp-json\/wp\/v2\/categories?post=33023"},{"taxonomy":"post_tag","embeddable":true,"href":"https:\/\/pinews.com.br\/index.php\/wp-json\/wp\/v2\/tags?post=33023"}],"curies":[{"name":"wp","href":"https:\/\/api.w.org\/{rel}","templated":true}]}}