{"id":3313,"date":"2019-12-29T11:54:15","date_gmt":"2019-12-29T14:54:15","guid":{"rendered":"https:\/\/pinews.com.br\/?p=3313"},"modified":"2019-12-29T11:54:15","modified_gmt":"2019-12-29T14:54:15","slug":"agricultor-morre-apos-ser-baleado-pelo-proprio-irmao-em-jaicos","status":"publish","type":"post","link":"https:\/\/pinews.com.br\/index.php\/2019\/12\/29\/agricultor-morre-apos-ser-baleado-pelo-proprio-irmao-em-jaicos\/","title":{"rendered":"Agricultor morre ap\u00f3s ser baleado pelo pr\u00f3prio irm\u00e3o em Jaic\u00f3s"},"content":{"rendered":"\n<p>Foto: Reprodu\u00e7\u00e3o <\/p>\n\n\n\n<p style=\"text-align:justify\">O agricultor Geraldo de Ol\u00edmpio morreu na noite deste s\u00e1bado (28), ap\u00f3s ter sido baleado pelo pr\u00f3prio irm\u00e3o, identificado apenas como Lu\u00eds, durante uma briga no munic\u00edpio de Jaic\u00f3s.<\/p>\n\n\n\n<p style=\"text-align:justify\">Segundo populares, Geraldo foi encontrado com tiro no peito por um popular e conduzido para o Hospital Florisa Silva, mas acabou n\u00e3o resistindo aos ferimentos e morreu.<\/p>\n\n\n\n<p style=\"text-align:justify\">O crime ocorreu durante uma confus\u00e3o entre irm\u00e3os na localidade S\u00edtio, zona rural de Jaic\u00f3s, mas ainda n\u00e3o foi revelado o motivo da briga.<\/p>\n\n\n\n<p style=\"text-align:justify\">A Pol\u00edcia Civil vai investigar o caso.<\/p>\n\n\n\n<p><strong>Fonte: Fala Nordeste<\/strong><\/p>\n","protected":false},"excerpt":{"rendered":"<p>Foto: Reprodu\u00e7\u00e3o O agricultor Geraldo de Ol\u00edmpio morreu na noite deste s\u00e1bado (28), ap\u00f3s ter sido baleado pelo pr\u00f3prio irm\u00e3o, identificado apenas como Lu\u00eds, durante uma briga no munic\u00edpio de Jaic\u00f3s. Segundo populares, Geraldo foi encontrado com tiro no peito por um popular e conduzido para o Hospital Florisa Silva, mas acabou n\u00e3o resistindo aos [&hellip;]<\/p>\n","protected":false},"author":1,"featured_media":3314,"comment_status":"open","ping_status":"open","sticky":false,"template":"","format":"standard","meta":{"beyondwords_generate_audio":"","beyondwords_project_id":"","beyondwords_podcast_id":"","beyondwords_hash":"","beyondwords_error_message":"","beyondwords_disabled":"","publish_post_to_speechkit":"","speechkit_generate_audio":"","speechkit_project_id":"","speechkit_podcast_id":"","speechkit_hash":"","speechkit_error_message":"","speechkit_disabled":"","speechkit_access_key":"","speechkit_error":"","speechkit_info":"","speechkit_response":"","speechkit_retries":"","_speechkit_link":"","_speechkit_text":""},"categories":[264,124,51,78],"tags":[209,1265,265,119],"jetpack_featured_media_url":"","_links":{"self":[{"href":"https:\/\/pinews.com.br\/index.php\/wp-json\/wp\/v2\/posts\/3313"}],"collection":[{"href":"https:\/\/pinews.com.br\/index.php\/wp-json\/wp\/v2\/posts"}],"about":[{"href":"https:\/\/pinews.com.br\/index.php\/wp-json\/wp\/v2\/types\/post"}],"author":[{"embeddable":true,"href":"https:\/\/pinews.com.br\/index.php\/wp-json\/wp\/v2\/users\/1"}],"replies":[{"embeddable":true,"href":"https:\/\/pinews.com.br\/index.php\/wp-json\/wp\/v2\/comments?post=3313"}],"version-history":[{"count":0,"href":"https:\/\/pinews.com.br\/index.php\/wp-json\/wp\/v2\/posts\/3313\/revisions"}],"wp:featuredmedia":[{"embeddable":true,"href":"https:\/\/pinews.com.br\/index.php\/wp-json\/"}],"wp:attachment":[{"href":"https:\/\/pinews.com.br\/index.php\/wp-json\/wp\/v2\/media?parent=3313"}],"wp:term":[{"taxonomy":"category","embeddable":true,"href":"https:\/\/pinews.com.br\/index.php\/wp-json\/wp\/v2\/categories?post=3313"},{"taxonomy":"post_tag","embeddable":true,"href":"https:\/\/pinews.com.br\/index.php\/wp-json\/wp\/v2\/tags?post=3313"}],"curies":[{"name":"wp","href":"https:\/\/api.w.org\/{rel}","templated":true}]}}