{"id":33177,"date":"2022-04-21T18:01:52","date_gmt":"2022-04-21T21:01:52","guid":{"rendered":"https:\/\/pinews.com.br\/?p=33177"},"modified":"2022-04-21T18:01:52","modified_gmt":"2022-04-21T21:01:52","slug":"agricultor-de-52-anos-e-encontrado-morto-na-zona-rural-de-cidade-no-piaui","status":"publish","type":"post","link":"https:\/\/pinews.com.br\/index.php\/2022\/04\/21\/agricultor-de-52-anos-e-encontrado-morto-na-zona-rural-de-cidade-no-piaui\/","title":{"rendered":"Agricultor de 52 anos \u00e9 encontrado morto na zona rural de cidade no Piau\u00ed"},"content":{"rendered":"\n<p>O agricultor Edmilson Silva, de 52 anos, foi encontrado morto na tarde dessa quarta-feira (20), na localidade Brand\u00e3o, zona rural do munic\u00edpio de Lu\u00eds Correia, litoral do Piau\u00ed.<\/p>\n\n\n\n<p>De acordo com o tenente Mesquita J\u00fanior, do 24\u00ba BPM, a v\u00edtima estava com uma perfura\u00e7\u00e3o abaixo da axila direita causada supostamente por arma de fogo.<\/p>\n\n\n\n<p>Ainda segundo o tenente, o corpo foi encontrado por populares em uma regi\u00e3o de matagal, atr\u00e1s de umas casas. At\u00e9 o momento, n\u00e3o h\u00e1 informa\u00e7\u00f5es sobre o que teria motivado o crime e o agricultor n\u00e3o tinha passagens pela pol\u00edcia.<\/p>\n\n\n\n<p>\u201cA v\u00edtima \u00e9 um cidad\u00e3o de Lu\u00eds Correia, morador, n\u00e3o existe envolvimento com hist\u00f3ria de organiza\u00e7\u00e3o, ele n\u00e3o tem passagem pela pol\u00edcia, n\u00e3o tem nada que venha a est\u00e1 ligado, no primeiro momento, com organiza\u00e7\u00e3o criminosa\u201d, acrescentou o tenente Mesquita J\u00fanior.<\/p>\n\n\n\n<p>O corpo do agricultor foi removido por uma viatura do Instituto M\u00e9dico Legal (IML) e o caso dever\u00e1 ser investigado pela Pol\u00edcia Civil.<\/p>\n\n\n\n<p><br><strong>Fonte: Rebeca Lima\/ Cidade Verde<\/strong><\/p>\n","protected":false},"excerpt":{"rendered":"<p>O agricultor Edmilson Silva, de 52 anos, foi encontrado morto na tarde dessa quarta-feira (20), na localidade Brand\u00e3o, zona rural do munic\u00edpio de Lu\u00eds Correia, litoral do Piau\u00ed. De acordo com o tenente Mesquita J\u00fanior, do 24\u00ba BPM, a v\u00edtima estava com uma perfura\u00e7\u00e3o abaixo da axila direita causada supostamente por arma de fogo. Ainda [&hellip;]<\/p>\n","protected":false},"author":1,"featured_media":33178,"comment_status":"open","ping_status":"open","sticky":false,"template":"","format":"standard","meta":{"beyondwords_generate_audio":"","beyondwords_project_id":"","beyondwords_podcast_id":"","beyondwords_hash":"","beyondwords_error_message":"","beyondwords_disabled":"","publish_post_to_speechkit":"","speechkit_generate_audio":"","speechkit_project_id":"","speechkit_podcast_id":"","speechkit_hash":"","speechkit_error_message":"","speechkit_disabled":"","speechkit_access_key":"","speechkit_error":"","speechkit_info":"","speechkit_response":"","speechkit_retries":"","_speechkit_link":"","_speechkit_text":""},"categories":[51,78],"tags":[9219,209,82,63,44,72,200,197,91,52,93,97],"jetpack_featured_media_url":"https:\/\/pinews.com.br\/wp-content\/uploads\/2022\/04\/agricultor_polica_lc.jpg","_links":{"self":[{"href":"https:\/\/pinews.com.br\/index.php\/wp-json\/wp\/v2\/posts\/33177"}],"collection":[{"href":"https:\/\/pinews.com.br\/index.php\/wp-json\/wp\/v2\/posts"}],"about":[{"href":"https:\/\/pinews.com.br\/index.php\/wp-json\/wp\/v2\/types\/post"}],"author":[{"embeddable":true,"href":"https:\/\/pinews.com.br\/index.php\/wp-json\/wp\/v2\/users\/1"}],"replies":[{"embeddable":true,"href":"https:\/\/pinews.com.br\/index.php\/wp-json\/wp\/v2\/comments?post=33177"}],"version-history":[{"count":0,"href":"https:\/\/pinews.com.br\/index.php\/wp-json\/wp\/v2\/posts\/33177\/revisions"}],"wp:featuredmedia":[{"embeddable":true,"href":"https:\/\/pinews.com.br\/index.php\/wp-json\/wp\/v2\/media\/33178"}],"wp:attachment":[{"href":"https:\/\/pinews.com.br\/index.php\/wp-json\/wp\/v2\/media?parent=33177"}],"wp:term":[{"taxonomy":"category","embeddable":true,"href":"https:\/\/pinews.com.br\/index.php\/wp-json\/wp\/v2\/categories?post=33177"},{"taxonomy":"post_tag","embeddable":true,"href":"https:\/\/pinews.com.br\/index.php\/wp-json\/wp\/v2\/tags?post=33177"}],"curies":[{"name":"wp","href":"https:\/\/api.w.org\/{rel}","templated":true}]}}