{"id":33180,"date":"2022-04-21T21:02:51","date_gmt":"2022-04-22T00:02:51","guid":{"rendered":"https:\/\/pinews.com.br\/?p=33180"},"modified":"2022-04-21T21:02:51","modified_gmt":"2022-04-22T00:02:51","slug":"menina-perde-a-perna-em-acidente-com-carro-alegorico-na-saida-do-sambodromo-outra-perna-esta-em-estado-critico","status":"publish","type":"post","link":"https:\/\/pinews.com.br\/index.php\/2022\/04\/21\/menina-perde-a-perna-em-acidente-com-carro-alegorico-na-saida-do-sambodromo-outra-perna-esta-em-estado-critico\/","title":{"rendered":"Menina perde a perna em acidente com carro aleg\u00f3rico na sa\u00edda do Samb\u00f3dromo;  outra perna est\u00e1 em estado cr\u00edtico"},"content":{"rendered":"\n<p>A menina Raquel Antunes da Silva, de 11 anos, perdeu uma das pernas ap\u00f3s ser imprensada entre um poste e um carro aleg\u00f3rico da Em Cima da Hora na sa\u00edda do Samb\u00f3dromo do Rio de Janeiro. Por volta das 9h30 desta quinta-feira (21), a garotasaiu do centro cir\u00fargico do Hospital Souza Aguiar, no Centro da cidade. Ela corria o risco de ficar sem a outra perna, segundo os m\u00e9dicos.<\/p>\n\n\n\n<ul><li><a href=\"https:\/\/g1.globo.com\/rj\/rio-de-janeiro\/carnaval\/2022\/noticia\/2022\/04\/21\/veja-o-que-se-sabe-sobre-o-acidente-com-carro-alegorico-em-que-menina-perdeu-a-perna-no-rio.ghtml\">Veja o que se sabe sobre o acidente<\/a><\/li><\/ul>\n\n\n\n<p>O quadro de Raquel \u00e9 considerado grave, por\u00e9m est\u00e1vel. Ela teve uma parada card\u00edaca e traumatismo no t\u00f3rax.<\/p>\n\n\n\n<p>Segundo testemunhas, a m\u00e3e e a menina estavam numa pra\u00e7a perto da dispers\u00e3o da Sapuca\u00ed, lanchando. A menina se afastou, junto com dois amigos, para olhar os carros aleg\u00f3ricos que tinham acabado de desfilar. De repente, a m\u00e3e foi avisada de que Raquel tinha sido atropelada por um carro aleg\u00f3rico e imprensada contra um poste.<\/p>\n\n\n\n<p>A Liga das Escolas de Samba do Rio de Janeiro (Lierj) e a Liga Independente das Escolas de Samba (Liesa) afirmaram que &#8220;os processos de aprova\u00e7\u00e3o das licen\u00e7as de responsabilidade das escolas do grupo especial foram cumpridos&#8221;. As ligas emitiram notas em solidariedade a Raquel <strong><em>(leia as notas oficiais mais abaixo)<\/em><\/strong>.<\/p>\n\n\n\n<figure class=\"wp-block-image\"><img decoding=\"async\" src=\"https:\/\/s2-glbimg-com.cdn.ampproject.org\/ii\/AW\/s\/s2.glbimg.com\/2c__u0UICiBsYT1aV6I7kd_42Wo=\/0x0:1200x916\/600x0\/smart\/filters:gifv():strip_icc()\/i.s3.glbimg.com\/v1\/AUTH_59edd422c0c84a879bd37670ae4f538a\/internal_photos\/bs\/2022\/a\/A\/BYtHHDQlWsDRd4mTJC9A\/whatsapp-image-2022-04-21-at-00.28.27.jpeg\" alt=\"Ch\u00e3o ao lado do carro ficou com marca de sangue devido ao acidente \u2014 Foto: Lucas Soares\/TV Globo\"\/><figcaption>Ch\u00e3o ao lado do carro ficou com marca de sangue devido ao acidente \u2014 Foto: Lucas Soares\/TV Globo<\/figcaption><\/figure>\n\n\n\n<blockquote class=\"wp-block-quote\"><p>\u201cEla foi pra outra pra\u00e7a do outro lado. Quando a m\u00e3e olhou, ela n\u00e3o tava. Logo ap\u00f3s, foi coisa de 5 minutos, j\u00e1 veio o irm\u00e3o avisando que ela foi atropelada. O carro aleg\u00f3rico espremeu ela no poste. Ela estava bem encostada pra ver os carros passarem\u201d, contou Aline da Mota, amiga da fam\u00edlia.<\/p><\/blockquote>\n\n\n\n<p>A Pol\u00edcia Civil foi chamada e fez uma per\u00edcia, que durou quase duas horas. Investigadores v\u00e3o tentar analisar as imagens de uma c\u00e2mera de seguran\u00e7a que pode ter registrado o acidente. Outras duas que ficam na mesma regi\u00e3o estavam desligadas.<\/p>\n\n\n\n<p>Duas testemunhas e dois motoristas do guincho que levava o carro aleg\u00f3rico prestaram depoimento na delegacia do Samb\u00f3dromo e foram liberados em seguida.<\/p>\n\n\n\n<h2>O acidente<\/h2>\n\n\n\n<p>Algumas testemunhas contaram que a menina subiu no carro aleg\u00f3rico da Em cima da Hora, que estava parado na rua. Quando o ve\u00edculo come\u00e7ou a ser empurrado, a menina sofreu o acidente. J\u00e1 uma amiga da fam\u00edlia disse que a menina estava apenas perto do carro.<\/p>\n\n\n\n<p>Em nota, a escola de samba Em cima da hora disse que estava &#8220;apurando com a Liga o que aconteceu&#8221;. &#8220;No momento, n\u00e3o iremos dar nenhuma declara\u00e7\u00e3o&#8221;, disse a assessoria de imprensa.<\/p>\n\n\n\n<figure class=\"wp-block-image size-full\"><img decoding=\"async\" loading=\"lazy\" width=\"600\" height=\"561\" src=\"https:\/\/pinews.com.br\/wp-content\/uploads\/2022\/04\/whatsapp-image-2022-04-21-at-00.25.04.jpeg\" alt=\"\" class=\"wp-image-33181\" srcset=\"https:\/\/pinews.com.br\/wp-content\/uploads\/2022\/04\/whatsapp-image-2022-04-21-at-00.25.04.jpeg 600w, https:\/\/pinews.com.br\/wp-content\/uploads\/2022\/04\/whatsapp-image-2022-04-21-at-00.25.04-300x281.jpeg 300w\" sizes=\"(max-width: 600px) 100vw, 600px\" \/><figcaption>Carro da Em Cima da Hora onde o menino teria se acidentado \u2014 Foto: Lucas Soares\/TV Globo<\/figcaption><\/figure>\n\n\n\n<h2>Notas oficiais da Lierj<\/h2>\n\n\n\n<p><em>&#8220;As ligas das escolas de samba do Rio de Janeiro est\u00e3o abaladas e se solidarizam com a fam\u00edlia de Raquel Antunes. A jovem menor subiu no carro aleg\u00f3rico fora do Samb\u00f3dromo, na Rua Frei Caneca, no Est\u00e1cio, ap\u00f3s deixar a \u00e1rea de dispers\u00e3o. Prontamente, em menos de dois minutos, ela foi socorrida e levada ao Hospital Sousa Aguiar, onde foi submetida a cirurgias. Equipes das Ligas e da Escola acompanham o caso na unidade hospitalar ao lado da fam\u00edlia desde o primeiro instante e tamb\u00e9m colaboram com as autoridades. Nesse momento, \u00e9 preciso esperar a apura\u00e7\u00e3o da per\u00edcia e autoridades para novos esclarecimentos&#8221;.<\/em><\/p>\n\n\n\n<p>Nesta quinta-feira, a Liesa enviou outra nota. Veja a \u00edntegra:<\/p>\n\n\n\n<p>&#8220;<em>A Liesa informa que os processos de aprova\u00e7\u00e3o das licen\u00e7as de responsabilidade das escolas do grupo especial foram cumpridos. Quanto aos questionamentos dos \u00f3rg\u00e3os p\u00fablicos ressalta que \u00e9 preciso aguardar a apura\u00e7\u00e3o dos fatos para evitar conclus\u00f5es precipitadas. Por\u00e9m, ressalta que solicita apoio todos os anos da atua\u00e7\u00e3o da seguran\u00e7a p\u00fablica e demais entidades no entorno da passarela do samba. Como informado anteriormente, as equipes de socorro chegaram prontamente e se solidariza com a fam\u00edlia da jovem Raquel Antunes da Silva.<\/em>&#8220;<\/p>\n\n\n\n<h2>Atraso nos desfiles<\/h2>\n\n\n\n<p>O acidente e a per\u00edcia atrasaram por mais de uma hora os desfiles da S\u00e9rie Ouro na Sapuca\u00ed, entre a segunda (Acad\u00eamicos do Cubango) e a terceira (Unidos da Ponte) escolas, como anunciado pelo locutor.<\/p>\n\n\n\n<p>Devido \u00e0 interdi\u00e7\u00e3o da via, n\u00e3o seria poss\u00edvel que outra escola entrasse na Sapuca\u00ed porque n\u00e3o haveria como escoar os integrantes ap\u00f3s o desfile.<\/p>\n\n\n\n<p>Integrantes da Unidos da Ponte chegaram a deitar no asfalto da concentra\u00e7\u00e3o, na Avenida Presidente Vargas.<\/p>\n\n\n\n<p><strong>Fonte: G1 <\/strong><\/p>\n","protected":false},"excerpt":{"rendered":"<p>A menina Raquel Antunes da Silva, de 11 anos, perdeu uma das pernas ap\u00f3s ser imprensada entre um poste e um carro aleg\u00f3rico da Em Cima da Hora na sa\u00edda do Samb\u00f3dromo do Rio de Janeiro. Por volta das 9h30 desta quinta-feira (21), a garotasaiu do centro cir\u00fargico do Hospital Souza Aguiar, no Centro da [&hellip;]<\/p>\n","protected":false},"author":1,"featured_media":33182,"comment_status":"open","ping_status":"open","sticky":false,"template":"","format":"standard","meta":{"beyondwords_generate_audio":"","beyondwords_project_id":"","beyondwords_podcast_id":"","beyondwords_hash":"","beyondwords_error_message":"","beyondwords_disabled":"","publish_post_to_speechkit":"","speechkit_generate_audio":"","speechkit_project_id":"","speechkit_podcast_id":"","speechkit_hash":"","speechkit_error_message":"","speechkit_disabled":"","speechkit_access_key":"","speechkit_error":"","speechkit_info":"","speechkit_response":"","speechkit_retries":"","_speechkit_link":"","_speechkit_text":""},"categories":[134],"tags":[176,10134,62,10135,46,5717,1015,1207,91,555,731,933,7754,10136],"jetpack_featured_media_url":"https:\/\/pinews.com.br\/wp-content\/uploads\/2022\/04\/IMG_20220421_210052.jpg","_links":{"self":[{"href":"https:\/\/pinews.com.br\/index.php\/wp-json\/wp\/v2\/posts\/33180"}],"collection":[{"href":"https:\/\/pinews.com.br\/index.php\/wp-json\/wp\/v2\/posts"}],"about":[{"href":"https:\/\/pinews.com.br\/index.php\/wp-json\/wp\/v2\/types\/post"}],"author":[{"embeddable":true,"href":"https:\/\/pinews.com.br\/index.php\/wp-json\/wp\/v2\/users\/1"}],"replies":[{"embeddable":true,"href":"https:\/\/pinews.com.br\/index.php\/wp-json\/wp\/v2\/comments?post=33180"}],"version-history":[{"count":0,"href":"https:\/\/pinews.com.br\/index.php\/wp-json\/wp\/v2\/posts\/33180\/revisions"}],"wp:featuredmedia":[{"embeddable":true,"href":"https:\/\/pinews.com.br\/index.php\/wp-json\/wp\/v2\/media\/33182"}],"wp:attachment":[{"href":"https:\/\/pinews.com.br\/index.php\/wp-json\/wp\/v2\/media?parent=33180"}],"wp:term":[{"taxonomy":"category","embeddable":true,"href":"https:\/\/pinews.com.br\/index.php\/wp-json\/wp\/v2\/categories?post=33180"},{"taxonomy":"post_tag","embeddable":true,"href":"https:\/\/pinews.com.br\/index.php\/wp-json\/wp\/v2\/tags?post=33180"}],"curies":[{"name":"wp","href":"https:\/\/api.w.org\/{rel}","templated":true}]}}